{"id":39213,"date":"2020-12-02T18:11:17","date_gmt":"2020-12-02T19:11:17","guid":{"rendered":"\/lenda-menino-do-coro-e-a-sineira-da-se\/"},"modified":"2023-05-09T15:25:38","modified_gmt":"2023-05-09T16:25:38","slug":"lenda-menino-do-coro-e-a-sineira-da-se","status":"publish","type":"post","link":"https:\/\/www.exploreterceiraisland.com\/es\/lenda-menino-do-coro-e-a-sineira-da-se\/","title":{"rendered":"Leyenda \u00abMenino do Coro e a Sineira da S\u00e9\u00bb (Ni\u00f1o del Coro y el Campanario de la Catedral)"},"content":{"rendered":"<p class=\"p1\">Fue en Terceira, en Angra, donde se estableci\u00f3 la primera ciudad de las Azores y la sede de la Di\u00f3cesis Azoriana, con la creaci\u00f3n del Obispado de Angra e Isla de las Azores, en 1534. Se decidi\u00f3 la urgencia de la construcci\u00f3n de una nueva Iglesia, por eso, en 1570 se inici\u00f3 la construcci\u00f3n de la Catedral de Angra. Las obras de la Catedral fueron interrumpidas durante la crisis de sucesi\u00f3n de 1580.<\/p>\n<p class=\"p1\">Tras un per\u00edodo de 3 a\u00f1os, en 1583, los espa\u00f1oles lograron invadir Terceira, mediante el desembarco de la Bah\u00eda das M\u00f3s. Sigui\u00f3 un momento en que la poblaci\u00f3n fue castigada por su apoyo al pretendiente portugu\u00e9s. En medio de eso, continuaron las obras de la Igreja da S\u00e9. En el siglo XVII, cuando se terminaron las obras, la Iglesia da S\u00e9 ten\u00eda una planta rectangular de estilo renacentista y \u201csuelo\u201d. Con materiales de todo el mundo, a lo largo de los siglos XVII y XVIII, ya sea por orden de reyes y de la corte, o por ofrendas, la Catedral de Angra se embelleci\u00f3 con el barroco y la grandeza de las Indias y de las Am\u00e9ricas. La Catedral de Angra se convirti\u00f3 en un s\u00edmbolo de la riqueza del Imperio portugu\u00e9s.<\/p>\n<p class=\"p2\">En el siglo XVII naci\u00f3 una leyenda ligada a la Catedral, la del \u201cMenino do Coro e a Sineira da S\u00e9\u201d. Seg\u00fan ella, en el tesoro de la Igreja da S\u00e9 hab\u00eda una imagen ex\u00f3tica de Santo Ant\u00f3nio de Lisboa, que se encontraba vestido como un ni\u00f1o de coro, algo nunca antes visto. Cuenta la leyenda que un d\u00eda, un maestro de capilla muy preocupado por lograr la armon\u00eda musical entre sus alumnos, amenaz\u00f3 con golpear a uno de ellos si no comenzaba a cantar las canciones correctamente. El ni\u00f1o, aterrorizado, huy\u00f3 rumbo a una de las torres de la Catedral, subi\u00f3 la empinada escalera de caracol que conduc\u00eda a las campanas y a los pin\u00e1culos de las torres de la Catedral angrense y, al llegar a la cima, confundi\u00f3 el ruido del viento con el ruido de pasos. , crey\u00f3 escuchar al maestro de capilla y se arroj\u00f3 desde lo alto de la torre donde se encontraba. El ni\u00f1o fue salvado por un viento divino que lo mantuvo en el aire, volando por tres calles hasta que fue depositado en el techo del Convento de Nossa Senhora da Esperan\u00e7a. Para conmemorar este acto divino, el padre del ni\u00f1o orden\u00f3 la realizaci\u00f3n de la mencionada imagen de San Antonio vestido de ni\u00f1o de coro, que durante muchos a\u00f1os estuvo expuesto en la Catedral: El chico se convirti\u00f3 en sacerdote.<\/p>\n<p class=\"p1\">El terremoto del 1 de enero de 1980, el m\u00e1s intenso de los \u00faltimos 200 a\u00f1os en Portugal, con una magnitud de 7,2 en la escala de Richter, con epicentro a 35 km al suroeste de Angra do Hero\u00edsmo, la ciudad m\u00e1s afectada, da\u00f1\u00f3 gravemente la Igreja da S\u00e9. D\u00edas despu\u00e9s, comenz\u00f3 a levantarse, siguiendo la filosof\u00eda de ponerlo como estaba, manteniendo el interior. La Catedral sufri\u00f3 un derrumbe en 1983, que destruy\u00f3 una de las columnas y el frontispicio. Cuando se estaban realizando las obras de reparaci\u00f3n, la Catedral de Angra do Hero\u00edsmo fue v\u00edctima de un incendio, el 25 de septiembre de 1983, transcurridos hace poco 30 a\u00f1os.<\/p>\n<p class=\"p1\">El incendio fue provocado por un joven que ten\u00eda acceso al interior de la Catedral y que luego fue declarado como enfermo psiqui\u00e1trico, pero en ese momento hubo quienes sospecharon que la acci\u00f3n hab\u00eda sido ordenada. Algunas personas, incluso hoy en d\u00eda, dicen que era un \u00abloco\u00bb. Seg\u00fan la poblaci\u00f3n, el escenario era \u201caterrador\u201d, porque el fuego era \u201ctan alto que cruzaba la calle y amenazaba con extenderse por varios cuarterones de Angra do Hero\u00edsmo\u201d. El miedo se instal\u00f3, parec\u00eda que \u201cel centro de la ciudad estaba en llamas\u201d. Afortunadamente, el fuego fue controlado.<\/p>\n<p class=\"p3\">Los da\u00f1os del incendio fueron incalculables, el mobiliario ardi\u00f3 todo, se perdieron las sillas de los can\u00f3nigos, los coros altos y bajos, los \u00f3rganos de tubos, los candelabros de madera y el suelo. La belleza del barroco desapareci\u00f3, con la destrucci\u00f3n de los artesonados de los techos, las im\u00e1genes talladas en la pared, los marcos y los encuadres en madera tallada dorada, que ardieron. Solo se salv\u00f3 lo movible, como platas, paramentos y telas, que hab\u00edan sido trasladados para el sal\u00f3n del seminario.<\/p>\n<p class=\"p1\">La Igreja da S\u00e9 resurgi\u00f3 de las cenizas y renaci\u00f3, manteniendo su imponencia y grandeza. As\u00ed, el 3 de noviembre de 1985, la Igreja da S\u00e9 fue reabierta al culto y el nuevo altar, fue dedicado por el entonces Patriarca de Lisboa D. Ant\u00f3nio Ribeiro. Sigue siendo la sede del obispado de Angra y Azores, el mayor templo de las Azores. A\u00fan tenemos que apostar por la recuperaci\u00f3n de varias piezas que aguardan su conservaci\u00f3n y restauraci\u00f3n, es preciso valorizar nuestros tesoros.<\/p>\n<p class=\"p2\">Texto y Foto\/ Francisco Miguel Nogueira | franciscomgl@gmail.com<\/p>\n<p class=\"p2\">Fuente: Jornal da Praia<\/p>\n<p>&nbsp;<\/p>\n<p>&nbsp;<\/p>\n","protected":false},"excerpt":{"rendered":"<p>Fue en Terceira, en Angra, donde se estableci\u00f3 la primera ciudad de las Azores y la sede de la Di\u00f3cesis Azoriana, con la creaci\u00f3n del Obispado de Angra e Isla de las Azores, en 1534. Se decidi\u00f3 la urgencia de la construcci\u00f3n de una nueva Iglesia, por eso, en 1570 se inici\u00f3 la construcci\u00f3n de [&hellip;]<\/p>\n","protected":false},"author":2,"featured_media":3994,"comment_status":"closed","ping_status":"closed","sticky":false,"template":"","format":"standard","meta":{"footnotes":"","_links_to":"","_links_to_target":""},"categories":[208],"tags":[],"class_list":["post-39213","post","type-post","status-publish","format-standard","has-post-thumbnail","hentry","category-sabia-que-es"],"yoast_head":"<!-- This site is optimized with the Yoast SEO plugin v27.2 - https:\/\/yoast.com\/product\/yoast-seo-wordpress\/ -->\n<title>Leyenda &quot;Menino do Coro e a Sineira da S\u00e9&quot; (Ni\u00f1o del Coro y el Campanario de la Catedral) - Explore Terceira<\/title>\n<meta name=\"robots\" content=\"index, follow, max-snippet:-1, max-image-preview:large, max-video-preview:-1\" \/>\n<link rel=\"canonical\" href=\"https:\/\/www.exploreterceiraisland.com\/es\/lenda-menino-do-coro-e-a-sineira-da-se\/\" \/>\n<meta property=\"og:locale\" content=\"es_ES\" \/>\n<meta property=\"og:type\" content=\"article\" \/>\n<meta property=\"og:title\" content=\"Leyenda &quot;Menino do Coro e a Sineira da S\u00e9&quot; (Ni\u00f1o del Coro y el Campanario de la Catedral) - Explore Terceira\" \/>\n<meta property=\"og:description\" content=\"Fue en Terceira, en Angra, donde se estableci\u00f3 la primera ciudad de las Azores y la sede de la Di\u00f3cesis Azoriana, con la creaci\u00f3n del Obispado de Angra e Isla de las Azores, en 1534. Se decidi\u00f3 la urgencia de la construcci\u00f3n de una nueva Iglesia, por eso, en 1570 se inici\u00f3 la construcci\u00f3n de [&hellip;]\" \/>\n<meta property=\"og:url\" content=\"https:\/\/www.exploreterceiraisland.com\/es\/lenda-menino-do-coro-e-a-sineira-da-se\/\" \/>\n<meta property=\"og:site_name\" content=\"Explore Terceira\" \/>\n<meta property=\"article:publisher\" content=\"https:\/\/www.facebook.com\/exploreterceira\/\" \/>\n<meta property=\"article:published_time\" content=\"2020-12-02T19:11:17+00:00\" \/>\n<meta property=\"article:modified_time\" content=\"2023-05-09T16:25:38+00:00\" \/>\n<meta property=\"og:image\" content=\"https:\/\/www.exploreterceiraisland.com\/wp-content\/uploads\/2020\/12\/Igreja-da-Se\u0301.jpg\" \/>\n\t<meta property=\"og:image:width\" content=\"672\" \/>\n\t<meta property=\"og:image:height\" content=\"519\" \/>\n\t<meta property=\"og:image:type\" content=\"image\/jpeg\" \/>\n<meta name=\"author\" content=\"Filipe Rocha\" \/>\n<meta name=\"twitter:card\" content=\"summary_large_image\" \/>\n<meta name=\"twitter:label1\" content=\"Escrito por\" \/>\n\t<meta name=\"twitter:data1\" content=\"Filipe Rocha\" \/>\n\t<meta name=\"twitter:label2\" content=\"Tiempo de lectura\" \/>\n\t<meta name=\"twitter:data2\" content=\"4 minutos\" \/>\n<script type=\"application\/ld+json\" class=\"yoast-schema-graph\">{\"@context\":\"https:\/\/schema.org\",\"@graph\":[{\"@type\":\"Article\",\"@id\":\"https:\/\/www.exploreterceiraisland.com\/es\/lenda-menino-do-coro-e-a-sineira-da-se\/#article\",\"isPartOf\":{\"@id\":\"https:\/\/www.exploreterceiraisland.com\/es\/lenda-menino-do-coro-e-a-sineira-da-se\/\"},\"author\":{\"name\":\"Filipe Rocha\",\"@id\":\"https:\/\/www.exploreterceiraisland.com\/#\/schema\/person\/b0effbd95a2012466a100f85a29d9c4f\"},\"headline\":\"Leyenda \u00abMenino do Coro e a Sineira da S\u00e9\u00bb (Ni\u00f1o del Coro y el Campanario de la Catedral)\",\"datePublished\":\"2020-12-02T19:11:17+00:00\",\"dateModified\":\"2023-05-09T16:25:38+00:00\",\"mainEntityOfPage\":{\"@id\":\"https:\/\/www.exploreterceiraisland.com\/es\/lenda-menino-do-coro-e-a-sineira-da-se\/\"},\"wordCount\":883,\"publisher\":{\"@id\":\"https:\/\/www.exploreterceiraisland.com\/#organization\"},\"image\":{\"@id\":\"https:\/\/www.exploreterceiraisland.com\/es\/lenda-menino-do-coro-e-a-sineira-da-se\/#primaryimage\"},\"thumbnailUrl\":\"https:\/\/www.exploreterceiraisland.com\/wp-content\/uploads\/2020\/12\/Igreja-da-Se\u0301.jpg\",\"articleSection\":[\"\u00bfSab\u00eda que?\"],\"inLanguage\":\"es\"},{\"@type\":\"WebPage\",\"@id\":\"https:\/\/www.exploreterceiraisland.com\/es\/lenda-menino-do-coro-e-a-sineira-da-se\/\",\"url\":\"https:\/\/www.exploreterceiraisland.com\/es\/lenda-menino-do-coro-e-a-sineira-da-se\/\",\"name\":\"Leyenda \\\"Menino do Coro e a Sineira da S\u00e9\\\" (Ni\u00f1o del Coro y el Campanario de la Catedral) - Explore Terceira\",\"isPartOf\":{\"@id\":\"https:\/\/www.exploreterceiraisland.com\/#website\"},\"primaryImageOfPage\":{\"@id\":\"https:\/\/www.exploreterceiraisland.com\/es\/lenda-menino-do-coro-e-a-sineira-da-se\/#primaryimage\"},\"image\":{\"@id\":\"https:\/\/www.exploreterceiraisland.com\/es\/lenda-menino-do-coro-e-a-sineira-da-se\/#primaryimage\"},\"thumbnailUrl\":\"https:\/\/www.exploreterceiraisland.com\/wp-content\/uploads\/2020\/12\/Igreja-da-Se\u0301.jpg\",\"datePublished\":\"2020-12-02T19:11:17+00:00\",\"dateModified\":\"2023-05-09T16:25:38+00:00\",\"breadcrumb\":{\"@id\":\"https:\/\/www.exploreterceiraisland.com\/es\/lenda-menino-do-coro-e-a-sineira-da-se\/#breadcrumb\"},\"inLanguage\":\"es\",\"potentialAction\":[{\"@type\":\"ReadAction\",\"target\":[\"https:\/\/www.exploreterceiraisland.com\/es\/lenda-menino-do-coro-e-a-sineira-da-se\/\"]}]},{\"@type\":\"ImageObject\",\"inLanguage\":\"es\",\"@id\":\"https:\/\/www.exploreterceiraisland.com\/es\/lenda-menino-do-coro-e-a-sineira-da-se\/#primaryimage\",\"url\":\"https:\/\/www.exploreterceiraisland.com\/wp-content\/uploads\/2020\/12\/Igreja-da-Se\u0301.jpg\",\"contentUrl\":\"https:\/\/www.exploreterceiraisland.com\/wp-content\/uploads\/2020\/12\/Igreja-da-Se\u0301.jpg\",\"width\":672,\"height\":519},{\"@type\":\"BreadcrumbList\",\"@id\":\"https:\/\/www.exploreterceiraisland.com\/es\/lenda-menino-do-coro-e-a-sineira-da-se\/#breadcrumb\",\"itemListElement\":[{\"@type\":\"ListItem\",\"position\":1,\"name\":\"Home\",\"item\":\"https:\/\/www.exploreterceiraisland.com\/es\/\"},{\"@type\":\"ListItem\",\"position\":2,\"name\":\"Leyenda \u00abMenino do Coro e a Sineira da S\u00e9\u00bb (Ni\u00f1o del Coro y el Campanario de la Catedral)\"}]},{\"@type\":\"WebSite\",\"@id\":\"https:\/\/www.exploreterceiraisland.com\/#website\",\"url\":\"https:\/\/www.exploreterceiraisland.com\/\",\"name\":\"Explore Terceira\",\"description\":\"Explore a Ilha Terceira e partilhe as suas aventuras connosco!\",\"publisher\":{\"@id\":\"https:\/\/www.exploreterceiraisland.com\/#organization\"},\"potentialAction\":[{\"@type\":\"SearchAction\",\"target\":{\"@type\":\"EntryPoint\",\"urlTemplate\":\"https:\/\/www.exploreterceiraisland.com\/?s={search_term_string}\"},\"query-input\":{\"@type\":\"PropertyValueSpecification\",\"valueRequired\":true,\"valueName\":\"search_term_string\"}}],\"inLanguage\":\"es\"},{\"@type\":\"Organization\",\"@id\":\"https:\/\/www.exploreterceiraisland.com\/#organization\",\"name\":\"Explore Terceira\",\"url\":\"https:\/\/www.exploreterceiraisland.com\/\",\"logo\":{\"@type\":\"ImageObject\",\"inLanguage\":\"es\",\"@id\":\"https:\/\/www.exploreterceiraisland.com\/#\/schema\/logo\/image\/\",\"url\":\"https:\/\/www.exploreterceiraisland.com\/wp-content\/uploads\/2021\/02\/teste.jpg\",\"contentUrl\":\"https:\/\/www.exploreterceiraisland.com\/wp-content\/uploads\/2021\/02\/teste.jpg\",\"width\":1449,\"height\":962,\"caption\":\"Explore Terceira\"},\"image\":{\"@id\":\"https:\/\/www.exploreterceiraisland.com\/#\/schema\/logo\/image\/\"},\"sameAs\":[\"https:\/\/www.facebook.com\/exploreterceira\/\",\"https:\/\/www.instagram.com\/exploreterceira\/\",\"https:\/\/www.youtube.com\/channel\/UCgUtDnAn0ym_W89OdzfNLmg\"]},{\"@type\":\"Person\",\"@id\":\"https:\/\/www.exploreterceiraisland.com\/#\/schema\/person\/b0effbd95a2012466a100f85a29d9c4f\",\"name\":\"Filipe Rocha\"}]}<\/script>\n<!-- \/ Yoast SEO plugin. -->","yoast_head_json":{"title":"Leyenda \"Menino do Coro e a Sineira da S\u00e9\" (Ni\u00f1o del Coro y el Campanario de la Catedral) - Explore Terceira","robots":{"index":"index","follow":"follow","max-snippet":"max-snippet:-1","max-image-preview":"max-image-preview:large","max-video-preview":"max-video-preview:-1"},"canonical":"https:\/\/www.exploreterceiraisland.com\/es\/lenda-menino-do-coro-e-a-sineira-da-se\/","og_locale":"es_ES","og_type":"article","og_title":"Leyenda \"Menino do Coro e a Sineira da S\u00e9\" (Ni\u00f1o del Coro y el Campanario de la Catedral) - Explore Terceira","og_description":"Fue en Terceira, en Angra, donde se estableci\u00f3 la primera ciudad de las Azores y la sede de la Di\u00f3cesis Azoriana, con la creaci\u00f3n del Obispado de Angra e Isla de las Azores, en 1534. Se decidi\u00f3 la urgencia de la construcci\u00f3n de una nueva Iglesia, por eso, en 1570 se inici\u00f3 la construcci\u00f3n de [&hellip;]","og_url":"https:\/\/www.exploreterceiraisland.com\/es\/lenda-menino-do-coro-e-a-sineira-da-se\/","og_site_name":"Explore Terceira","article_publisher":"https:\/\/www.facebook.com\/exploreterceira\/","article_published_time":"2020-12-02T19:11:17+00:00","article_modified_time":"2023-05-09T16:25:38+00:00","og_image":[{"width":672,"height":519,"url":"https:\/\/www.exploreterceiraisland.com\/wp-content\/uploads\/2020\/12\/Igreja-da-Se\u0301.jpg","type":"image\/jpeg"}],"author":"Filipe Rocha","twitter_card":"summary_large_image","twitter_misc":{"Escrito por":"Filipe Rocha","Tiempo de lectura":"4 minutos"},"schema":{"@context":"https:\/\/schema.org","@graph":[{"@type":"Article","@id":"https:\/\/www.exploreterceiraisland.com\/es\/lenda-menino-do-coro-e-a-sineira-da-se\/#article","isPartOf":{"@id":"https:\/\/www.exploreterceiraisland.com\/es\/lenda-menino-do-coro-e-a-sineira-da-se\/"},"author":{"name":"Filipe Rocha","@id":"https:\/\/www.exploreterceiraisland.com\/#\/schema\/person\/b0effbd95a2012466a100f85a29d9c4f"},"headline":"Leyenda \u00abMenino do Coro e a Sineira da S\u00e9\u00bb (Ni\u00f1o del Coro y el Campanario de la Catedral)","datePublished":"2020-12-02T19:11:17+00:00","dateModified":"2023-05-09T16:25:38+00:00","mainEntityOfPage":{"@id":"https:\/\/www.exploreterceiraisland.com\/es\/lenda-menino-do-coro-e-a-sineira-da-se\/"},"wordCount":883,"publisher":{"@id":"https:\/\/www.exploreterceiraisland.com\/#organization"},"image":{"@id":"https:\/\/www.exploreterceiraisland.com\/es\/lenda-menino-do-coro-e-a-sineira-da-se\/#primaryimage"},"thumbnailUrl":"https:\/\/www.exploreterceiraisland.com\/wp-content\/uploads\/2020\/12\/Igreja-da-Se\u0301.jpg","articleSection":["\u00bfSab\u00eda que?"],"inLanguage":"es"},{"@type":"WebPage","@id":"https:\/\/www.exploreterceiraisland.com\/es\/lenda-menino-do-coro-e-a-sineira-da-se\/","url":"https:\/\/www.exploreterceiraisland.com\/es\/lenda-menino-do-coro-e-a-sineira-da-se\/","name":"Leyenda \"Menino do Coro e a Sineira da S\u00e9\" (Ni\u00f1o del Coro y el Campanario de la Catedral) - Explore Terceira","isPartOf":{"@id":"https:\/\/www.exploreterceiraisland.com\/#website"},"primaryImageOfPage":{"@id":"https:\/\/www.exploreterceiraisland.com\/es\/lenda-menino-do-coro-e-a-sineira-da-se\/#primaryimage"},"image":{"@id":"https:\/\/www.exploreterceiraisland.com\/es\/lenda-menino-do-coro-e-a-sineira-da-se\/#primaryimage"},"thumbnailUrl":"https:\/\/www.exploreterceiraisland.com\/wp-content\/uploads\/2020\/12\/Igreja-da-Se\u0301.jpg","datePublished":"2020-12-02T19:11:17+00:00","dateModified":"2023-05-09T16:25:38+00:00","breadcrumb":{"@id":"https:\/\/www.exploreterceiraisland.com\/es\/lenda-menino-do-coro-e-a-sineira-da-se\/#breadcrumb"},"inLanguage":"es","potentialAction":[{"@type":"ReadAction","target":["https:\/\/www.exploreterceiraisland.com\/es\/lenda-menino-do-coro-e-a-sineira-da-se\/"]}]},{"@type":"ImageObject","inLanguage":"es","@id":"https:\/\/www.exploreterceiraisland.com\/es\/lenda-menino-do-coro-e-a-sineira-da-se\/#primaryimage","url":"https:\/\/www.exploreterceiraisland.com\/wp-content\/uploads\/2020\/12\/Igreja-da-Se\u0301.jpg","contentUrl":"https:\/\/www.exploreterceiraisland.com\/wp-content\/uploads\/2020\/12\/Igreja-da-Se\u0301.jpg","width":672,"height":519},{"@type":"BreadcrumbList","@id":"https:\/\/www.exploreterceiraisland.com\/es\/lenda-menino-do-coro-e-a-sineira-da-se\/#breadcrumb","itemListElement":[{"@type":"ListItem","position":1,"name":"Home","item":"https:\/\/www.exploreterceiraisland.com\/es\/"},{"@type":"ListItem","position":2,"name":"Leyenda \u00abMenino do Coro e a Sineira da S\u00e9\u00bb (Ni\u00f1o del Coro y el Campanario de la Catedral)"}]},{"@type":"WebSite","@id":"https:\/\/www.exploreterceiraisland.com\/#website","url":"https:\/\/www.exploreterceiraisland.com\/","name":"Explore Terceira","description":"Explore a Ilha Terceira e partilhe as suas aventuras connosco!","publisher":{"@id":"https:\/\/www.exploreterceiraisland.com\/#organization"},"potentialAction":[{"@type":"SearchAction","target":{"@type":"EntryPoint","urlTemplate":"https:\/\/www.exploreterceiraisland.com\/?s={search_term_string}"},"query-input":{"@type":"PropertyValueSpecification","valueRequired":true,"valueName":"search_term_string"}}],"inLanguage":"es"},{"@type":"Organization","@id":"https:\/\/www.exploreterceiraisland.com\/#organization","name":"Explore Terceira","url":"https:\/\/www.exploreterceiraisland.com\/","logo":{"@type":"ImageObject","inLanguage":"es","@id":"https:\/\/www.exploreterceiraisland.com\/#\/schema\/logo\/image\/","url":"https:\/\/www.exploreterceiraisland.com\/wp-content\/uploads\/2021\/02\/teste.jpg","contentUrl":"https:\/\/www.exploreterceiraisland.com\/wp-content\/uploads\/2021\/02\/teste.jpg","width":1449,"height":962,"caption":"Explore Terceira"},"image":{"@id":"https:\/\/www.exploreterceiraisland.com\/#\/schema\/logo\/image\/"},"sameAs":["https:\/\/www.facebook.com\/exploreterceira\/","https:\/\/www.instagram.com\/exploreterceira\/","https:\/\/www.youtube.com\/channel\/UCgUtDnAn0ym_W89OdzfNLmg"]},{"@type":"Person","@id":"https:\/\/www.exploreterceiraisland.com\/#\/schema\/person\/b0effbd95a2012466a100f85a29d9c4f","name":"Filipe Rocha"}]}},"_links":{"self":[{"href":"https:\/\/www.exploreterceiraisland.com\/es\/wp-json\/wp\/v2\/posts\/39213","targetHints":{"allow":["GET"]}}],"collection":[{"href":"https:\/\/www.exploreterceiraisland.com\/es\/wp-json\/wp\/v2\/posts"}],"about":[{"href":"https:\/\/www.exploreterceiraisland.com\/es\/wp-json\/wp\/v2\/types\/post"}],"author":[{"embeddable":true,"href":"https:\/\/www.exploreterceiraisland.com\/es\/wp-json\/wp\/v2\/users\/2"}],"replies":[{"embeddable":true,"href":"https:\/\/www.exploreterceiraisland.com\/es\/wp-json\/wp\/v2\/comments?post=39213"}],"version-history":[{"count":0,"href":"https:\/\/www.exploreterceiraisland.com\/es\/wp-json\/wp\/v2\/posts\/39213\/revisions"}],"wp:featuredmedia":[{"embeddable":true,"href":"https:\/\/www.exploreterceiraisland.com\/es\/wp-json\/wp\/v2\/media\/3994"}],"wp:attachment":[{"href":"https:\/\/www.exploreterceiraisland.com\/es\/wp-json\/wp\/v2\/media?parent=39213"}],"wp:term":[{"taxonomy":"category","embeddable":true,"href":"https:\/\/www.exploreterceiraisland.com\/es\/wp-json\/wp\/v2\/categories?post=39213"},{"taxonomy":"post_tag","embeddable":true,"href":"https:\/\/www.exploreterceiraisland.com\/es\/wp-json\/wp\/v2\/tags?post=39213"}],"curies":[{"name":"wp","href":"https:\/\/api.w.org\/{rel}","templated":true}]}}