{"id":39203,"date":"2020-12-02T18:12:19","date_gmt":"2020-12-02T19:12:19","guid":{"rendered":"\/peter-francisco-um-heroi-da-revolucao-americana-com-raizes-acoreanas\/"},"modified":"2023-05-09T15:23:52","modified_gmt":"2023-05-09T16:23:52","slug":"peter-francisco-um-heroi-da-revolucao-americana-com-raizes-acoreanas","status":"publish","type":"post","link":"https:\/\/www.exploreterceiraisland.com\/fr\/peter-francisco-um-heroi-da-revolucao-americana-com-raizes-acoreanas\/","title":{"rendered":"Peter Francisco \u201cUm Her\u00f3i da Revolu\u00e7\u00e3o Americana com Ra\u00edzes A\u00e7oreanas\u201d"},"content":{"rendered":"<p>\u201cUm H\u00e9rcules de 6 p\u00e9s e meio de altura que empunhava um sabre de seis p\u00e9s de comprimento, Peter Francisco foi provavelmente o soldado mais extraordin\u00e1rio da Guerra da Revolu\u00e7\u00e3o Americana\u201d<\/p>\n<p>Por: Joseph Gustaitis, na American History Magazine<\/p>\n<p>Pedro Francisco Machado (Porto Judeu, 1760 \u2013 Richmond, 16 de Janeiro de 1831), referido como Peter Francisco nos EUA, foi um Portugu\u00eas, nascido na freguesia do Porto Judeu, Concelho de Angra do Hero\u00edsmo, ilha Terceira, A\u00e7ores, destacou-se como her\u00f3i na Guerra da Independ\u00eancia dos Estados Unidos da Am\u00e9rica.<\/p>\n<p>Conhecido como \u201cO Gigante da Virg\u00ednia\u201d, o \u201cGigante da Revolu\u00e7\u00e3o\u201d e, ocasionalmente, como o \u201cH\u00e9rcules da Virg\u00ednia\u201d, \u00e9 homenageado pela comunidade portuguesa em New Bedford (Massachusetts) a 15 de Mar\u00e7o. Lutou ao lado de George Washington e do marqu\u00eas de Lafayette, tendo sofrido numerosos ferimentos em combate, em defesa da independ\u00eancia de sua p\u00e1tria de ado\u00e7\u00e3o.<\/p>\n<p>A sua biografia est\u00e1 cercada de uma aura de lenda, sendo-lhe atribu\u00eddos feitos extraordin\u00e1rios. As suas origens s\u00e3o relativamente obscuras. Foi encontrado em tenra idade (presumivelmente cinco anos), uma tarde em 23 de Junho de 1765, a chorar, nas docas de City Point, na Virg\u00ednia. Quando se acalmou o suficiente para falar, percebeu-se que n\u00e3o falava o ingl\u00eas e sim uma l\u00edngua parecida com o Portugu\u00eas. Embora nada possu\u00edsse que o identificasse, as suas roupas eram de boa qualidade e, na fivela do cinto, liam-se as iniciais \u201cP.F.\u201d.<\/p>\n<p>Eventualmente foi capaz de contar a sua hist\u00f3ria: afirmou que \u201cestava num local lindo com palmeiras, a brincar com a sua pequena irm\u00e3, quando dois homens grandes apanharam ambos. A irm\u00e3 conseguiu libertar-se dos captores mas o menino n\u00e3o, e foi levado para um navio grande que acabou por conduzi-lo a City Point.<\/p>\n<p>Sobre as suas origens, o investigador John E. Manahan identificou que, nos registos de nascimentos da ilha Terceira, nos A\u00e7ores, existe um Pedro Francisco nascido em Porto Judeu, a 9 de Julho de 1760.<\/p>\n<p>A crian\u00e7a foi acolhida pelo juiz Anthony Winston, de Buckingham County na Virg\u00ednia, um tio de Patrick Henry. Quando atingiu idade suficiente para trabalhar, foi instru\u00eddo como ferreiro, devido ao seu enorme tamanho e for\u00e7a (ultrapassou os 1,98 metros e pesava cerca de 120 kg). O escritor Samuel Shepard, que observou o jovem no seu trabalho, registou:<\/p>\n<p>\u201cOs seus ombros s\u00e3o como os de uma antiga est\u00e1tua, como uma figura da imagina\u00e7\u00e3o de Miguel Angelo, como o seu Mois\u00e9s mas n\u00e3o como David. A sua queixada \u00e9 longa, forte, o nariz imponente, a inclina\u00e7\u00e3o da testa parcialmente ocultada pelo seu cabelo negro de aspecto desgrenhado. A sua voz era suave, surpreendendo-me, como que se um touro ganisse.\u201d<\/p>\n<p>Com os rumores de secess\u00e3o alastrando-se entre a popula\u00e7\u00e3o da Virg\u00ednia, Francisco alistou-se aos 16 anos no 10\u00ba Regimento da Virg\u00ednia. Estava presente, junto \u00e0 igreja de St. John em Richmond, quando Patrick Henry fez o seu famoso discurso \u201cLiberdade ou Morte\u201d. Em Setembro de 1777, serviu sob o comando do general George Washington em Brandywine Creek na Pensilv\u00e2nia, onde as for\u00e7as dos colonos tentaram deter o avan\u00e7o de 12.500 soldados brit\u00e2nicos que avan\u00e7avam em direc\u00e7\u00e3o \u00e0 Filad\u00e9lfia. N\u00e3o est\u00e1 claro se foi nesse momento que o jovem Francisco salvou a vida a Washington, apesar de se reconhecer que o jovem foi aqui alvejado. Alguns relatos afirmam que ele se tornou guarda-costas pessoal do general, enquanto outros d\u00e3o conta de que ele era apenas um soldado agressivo e vigoroso, que lutou a seu lado. Foi Washington quem determinou que uma espada especial, adequada ao seu tamanho, fosse confeccionada para Francisco. Foi esta espada, com 6 p\u00e9s de comprimento, que aterrorizou os brit\u00e2nicos. Washington ter\u00e1 eventualmente se referido posteriormente a Francisco: \u201cSem ele ter\u00edamos perdido duas batalhas cruciais, provavelmente a guerra e, com ela, a nossa liberdade. Ele era verdadeiramente um Ex\u00e9rcito de um Homem S\u00f3.\u201c<\/p>\n<p>Ap\u00f3s servir nesta comiss\u00e3o por tr\u00eas anos, Francisco voltou a alistar-se e combateu numa das maiores derrotas sofridas pelas for\u00e7as dos colonos no conflito. Na batalha de Camden (16 de Agosto de 1780, ter\u00e1 realizado um dos seus mais famosos feitos, quando, ap\u00f3s os colonos se terem retirado diante dos brit\u00e2nicos, deixando no terreno uma imensa pe\u00e7a de artilharia com aproximadamente 1000 libras, afirma-se que Francisco a colocou \u00e0s costas e a ter\u00e1 transportado para que n\u00e3o ca\u00edsse nas m\u00e3os do inimigo. Em homenagem a esse feito, os correios dos Estados Unidos emitiram em 1974 um selo comemorativo.<\/p>\n<p>Em pouco tempo, as hist\u00f3rias a respeito de Francisco foram sendo espalhadas e as suas hist\u00f3rias de bravura e vigor foram divulgadas em muitos jornais e romances \u00e0 \u00e9poca, inspirando \u00e2nimo e incentivando a resist\u00eancia entre as for\u00e7as dos colonos.<\/p>\n<p>Embora a maior parte dessas hist\u00f3rias care\u00e7a de fontes documentais, Frances Pollard, da Virginia Historical Society, que apresentou uma exposi\u00e7\u00e3o sobre o conflito que incluiu uma sec\u00e7\u00e3o sobre Francisco com o colete gigante que costumava usar, afirmou:<\/p>\n<p>\u201cAcho que uma das coisas que tive dificuldade em documentar foi a sua participa\u00e7\u00e3o em muitas das batalhas onde realizou feitos hist\u00f3ricos. Nunca consegui separar a lenda dos factos, nem encontrar provas da sua participa\u00e7\u00e3o em algumas destas batalhas. Acho que existe alguma mitologia associada a algu\u00e9m com aquele tamanho t\u00e3o fora do vulgar.\u201c<\/p>\n<p>Posteriormente, em 1850, o historiador Benson Lossing registou no \u201cPictorial Field Book of the Revolution\u201d que \u201cum bravo virginiano deitou abaixo 11 homens de uma s\u00f3 vez com a sua espada. Um dos soldados prendeu a perna de Francisco ao seu cavalo com uma baioneta. E enquanto o atacante, assistido pelo gigante, puxava pela baioneta, com uma for\u00e7a terr\u00edvel, Francisco puxou da sua espada e fez uma racha at\u00e9 aos ombros na cabe\u00e7a do pobre coitado!\u201c<\/p>\n<p>Mais tarde, enquanto se recuperava, Francisco tornou-se amigo de Lafayette.<\/p>\n<p>Francisco sofreu mais seis ferimentos enquanto a servi\u00e7o do seu pa\u00eds, tendo morto um n\u00famero incerto de brit\u00e2nicos e sido condecorado ao final do conflito por generais estadunidenses que se certificaram de que ele estava presente na rendi\u00e7\u00e3o do general Charles Cornwallis e dos brit\u00e2nicos em Yorktown, a 19 de Outubro de 1781.<\/p>\n<p>De acordo com a tradi\u00e7\u00e3o, ap\u00f3s o conflito, devido \u00e0s lendas criadas em torno de si, muitos aventureiros foram ao seu encontro para testarem a sua for\u00e7a. Neste per\u00edodo foi apelidado de \u201co homem mais forte da Am\u00e9rica\u201c, enquanto as crian\u00e7as aprendiam sobre a sua for\u00e7as e bravura nas escolas prim\u00e1rias do novo pa\u00eds.<\/p>\n<p>Eventualmente tornou-se um homem abastado, sendo nomeado beleguim da C\u00e2mara de Representantes da Virg\u00ednia, mantendo-se uma figura lend\u00e1ria at\u00e9 \u00e0 sua morte. Foi sepultado com honras militares no Cemit\u00e9rio Shockoe Hill em Richmond, na Virg\u00ednia.<\/p>\n<p>A 18 de Janeiro de 1831, o peri\u00f3dico \u201cRichmond Enquirer\u201d, anunciou a sua morte: \u201cExmo. Sr. Peter Francisco, beleguim da C\u00e2mara de Representantes e soldado da Guerra da Revolu\u00e7\u00e3o Americana, enaltecido pela sua coragem intr\u00e9pida e pelos seus feitos brilhantes.\u201c<\/p>\n<p><em>in Wikip\u00e9dia<\/em><\/p>\n<p>&nbsp;<\/p>\n","protected":false},"excerpt":{"rendered":"<p>\u201cUm H\u00e9rcules de 6 p\u00e9s e meio de altura que empunhava um sabre de seis p\u00e9s de comprimento, Peter Francisco foi provavelmente o soldado mais extraordin\u00e1rio da Guerra da Revolu\u00e7\u00e3o Americana\u201d Por: Joseph Gustaitis, na American History Magazine Pedro Francisco Machado (Porto Judeu, 1760 \u2013 Richmond, 16 de Janeiro de 1831), referido como Peter Francisco [&hellip;]<\/p>\n","protected":false},"author":2,"featured_media":4007,"comment_status":"closed","ping_status":"closed","sticky":false,"template":"","format":"standard","meta":{"footnotes":"","_links_to":"","_links_to_target":""},"categories":[206],"tags":[],"class_list":["post-39203","post","type-post","status-publish","format-standard","has-post-thumbnail","hentry","category-le-sais-tu"],"yoast_head":"<!-- This site is optimized with the Yoast SEO plugin v27.2 - https:\/\/yoast.com\/product\/yoast-seo-wordpress\/ -->\n<title>Peter Francisco \u201cUm Her\u00f3i da Revolu\u00e7\u00e3o Americana com Ra\u00edzes A\u00e7oreanas\u201d - Explore Terceira<\/title>\n<meta name=\"robots\" content=\"index, follow, max-snippet:-1, max-image-preview:large, max-video-preview:-1\" \/>\n<link rel=\"canonical\" href=\"https:\/\/www.exploreterceiraisland.com\/fr\/peter-francisco-um-heroi-da-revolucao-americana-com-raizes-acoreanas\/\" \/>\n<meta property=\"og:locale\" content=\"fr_FR\" \/>\n<meta property=\"og:type\" content=\"article\" \/>\n<meta property=\"og:title\" content=\"Peter Francisco \u201cUm Her\u00f3i da Revolu\u00e7\u00e3o Americana com Ra\u00edzes A\u00e7oreanas\u201d - Explore Terceira\" \/>\n<meta property=\"og:description\" content=\"\u201cUm H\u00e9rcules de 6 p\u00e9s e meio de altura que empunhava um sabre de seis p\u00e9s de comprimento, Peter Francisco foi provavelmente o soldado mais extraordin\u00e1rio da Guerra da Revolu\u00e7\u00e3o Americana\u201d Por: Joseph Gustaitis, na American History Magazine Pedro Francisco Machado (Porto Judeu, 1760 \u2013 Richmond, 16 de Janeiro de 1831), referido como Peter Francisco [&hellip;]\" \/>\n<meta property=\"og:url\" content=\"https:\/\/www.exploreterceiraisland.com\/fr\/peter-francisco-um-heroi-da-revolucao-americana-com-raizes-acoreanas\/\" \/>\n<meta property=\"og:site_name\" content=\"Explore Terceira\" \/>\n<meta property=\"article:publisher\" content=\"https:\/\/www.facebook.com\/exploreterceira\/\" \/>\n<meta property=\"article:published_time\" content=\"2020-12-02T19:12:19+00:00\" \/>\n<meta property=\"article:modified_time\" content=\"2023-05-09T16:23:52+00:00\" \/>\n<meta property=\"og:image\" content=\"https:\/\/www.exploreterceiraisland.com\/wp-content\/uploads\/2020\/12\/PeterFrancisco.jpg\" \/>\n\t<meta property=\"og:image:width\" content=\"600\" \/>\n\t<meta property=\"og:image:height\" content=\"387\" \/>\n\t<meta property=\"og:image:type\" content=\"image\/jpeg\" \/>\n<meta name=\"author\" content=\"Filipe Rocha\" \/>\n<meta name=\"twitter:card\" content=\"summary_large_image\" \/>\n<meta name=\"twitter:label1\" content=\"\u00c9crit par\" \/>\n\t<meta name=\"twitter:data1\" content=\"Filipe Rocha\" \/>\n\t<meta name=\"twitter:label2\" content=\"Dur\u00e9e de lecture estim\u00e9e\" \/>\n\t<meta name=\"twitter:data2\" content=\"6 minutes\" \/>\n<script type=\"application\/ld+json\" class=\"yoast-schema-graph\">{\"@context\":\"https:\/\/schema.org\",\"@graph\":[{\"@type\":\"Article\",\"@id\":\"https:\/\/www.exploreterceiraisland.com\/fr\/peter-francisco-um-heroi-da-revolucao-americana-com-raizes-acoreanas\/#article\",\"isPartOf\":{\"@id\":\"https:\/\/www.exploreterceiraisland.com\/fr\/peter-francisco-um-heroi-da-revolucao-americana-com-raizes-acoreanas\/\"},\"author\":{\"name\":\"Filipe Rocha\",\"@id\":\"https:\/\/www.exploreterceiraisland.com\/#\/schema\/person\/b0effbd95a2012466a100f85a29d9c4f\"},\"headline\":\"Peter Francisco \u201cUm Her\u00f3i da Revolu\u00e7\u00e3o Americana com Ra\u00edzes A\u00e7oreanas\u201d\",\"datePublished\":\"2020-12-02T19:12:19+00:00\",\"dateModified\":\"2023-05-09T16:23:52+00:00\",\"mainEntityOfPage\":{\"@id\":\"https:\/\/www.exploreterceiraisland.com\/fr\/peter-francisco-um-heroi-da-revolucao-americana-com-raizes-acoreanas\/\"},\"wordCount\":1221,\"publisher\":{\"@id\":\"https:\/\/www.exploreterceiraisland.com\/#organization\"},\"image\":{\"@id\":\"https:\/\/www.exploreterceiraisland.com\/fr\/peter-francisco-um-heroi-da-revolucao-americana-com-raizes-acoreanas\/#primaryimage\"},\"thumbnailUrl\":\"https:\/\/www.exploreterceiraisland.com\/wp-content\/uploads\/2020\/12\/PeterFrancisco.jpg\",\"articleSection\":[\"Le sais-tu?\"],\"inLanguage\":\"fr-FR\"},{\"@type\":\"WebPage\",\"@id\":\"https:\/\/www.exploreterceiraisland.com\/fr\/peter-francisco-um-heroi-da-revolucao-americana-com-raizes-acoreanas\/\",\"url\":\"https:\/\/www.exploreterceiraisland.com\/fr\/peter-francisco-um-heroi-da-revolucao-americana-com-raizes-acoreanas\/\",\"name\":\"Peter Francisco \u201cUm Her\u00f3i da Revolu\u00e7\u00e3o Americana com Ra\u00edzes A\u00e7oreanas\u201d - Explore Terceira\",\"isPartOf\":{\"@id\":\"https:\/\/www.exploreterceiraisland.com\/#website\"},\"primaryImageOfPage\":{\"@id\":\"https:\/\/www.exploreterceiraisland.com\/fr\/peter-francisco-um-heroi-da-revolucao-americana-com-raizes-acoreanas\/#primaryimage\"},\"image\":{\"@id\":\"https:\/\/www.exploreterceiraisland.com\/fr\/peter-francisco-um-heroi-da-revolucao-americana-com-raizes-acoreanas\/#primaryimage\"},\"thumbnailUrl\":\"https:\/\/www.exploreterceiraisland.com\/wp-content\/uploads\/2020\/12\/PeterFrancisco.jpg\",\"datePublished\":\"2020-12-02T19:12:19+00:00\",\"dateModified\":\"2023-05-09T16:23:52+00:00\",\"breadcrumb\":{\"@id\":\"https:\/\/www.exploreterceiraisland.com\/fr\/peter-francisco-um-heroi-da-revolucao-americana-com-raizes-acoreanas\/#breadcrumb\"},\"inLanguage\":\"fr-FR\",\"potentialAction\":[{\"@type\":\"ReadAction\",\"target\":[\"https:\/\/www.exploreterceiraisland.com\/fr\/peter-francisco-um-heroi-da-revolucao-americana-com-raizes-acoreanas\/\"]}]},{\"@type\":\"ImageObject\",\"inLanguage\":\"fr-FR\",\"@id\":\"https:\/\/www.exploreterceiraisland.com\/fr\/peter-francisco-um-heroi-da-revolucao-americana-com-raizes-acoreanas\/#primaryimage\",\"url\":\"https:\/\/www.exploreterceiraisland.com\/wp-content\/uploads\/2020\/12\/PeterFrancisco.jpg\",\"contentUrl\":\"https:\/\/www.exploreterceiraisland.com\/wp-content\/uploads\/2020\/12\/PeterFrancisco.jpg\",\"width\":600,\"height\":387},{\"@type\":\"BreadcrumbList\",\"@id\":\"https:\/\/www.exploreterceiraisland.com\/fr\/peter-francisco-um-heroi-da-revolucao-americana-com-raizes-acoreanas\/#breadcrumb\",\"itemListElement\":[{\"@type\":\"ListItem\",\"position\":1,\"name\":\"Home\",\"item\":\"https:\/\/www.exploreterceiraisland.com\/fr\/\"},{\"@type\":\"ListItem\",\"position\":2,\"name\":\"Peter Francisco \u201cUm Her\u00f3i da Revolu\u00e7\u00e3o Americana com Ra\u00edzes A\u00e7oreanas\u201d\"}]},{\"@type\":\"WebSite\",\"@id\":\"https:\/\/www.exploreterceiraisland.com\/#website\",\"url\":\"https:\/\/www.exploreterceiraisland.com\/\",\"name\":\"Explore Terceira\",\"description\":\"Explore a Ilha Terceira e partilhe as suas aventuras connosco!\",\"publisher\":{\"@id\":\"https:\/\/www.exploreterceiraisland.com\/#organization\"},\"potentialAction\":[{\"@type\":\"SearchAction\",\"target\":{\"@type\":\"EntryPoint\",\"urlTemplate\":\"https:\/\/www.exploreterceiraisland.com\/?s={search_term_string}\"},\"query-input\":{\"@type\":\"PropertyValueSpecification\",\"valueRequired\":true,\"valueName\":\"search_term_string\"}}],\"inLanguage\":\"fr-FR\"},{\"@type\":\"Organization\",\"@id\":\"https:\/\/www.exploreterceiraisland.com\/#organization\",\"name\":\"Explore Terceira\",\"url\":\"https:\/\/www.exploreterceiraisland.com\/\",\"logo\":{\"@type\":\"ImageObject\",\"inLanguage\":\"fr-FR\",\"@id\":\"https:\/\/www.exploreterceiraisland.com\/#\/schema\/logo\/image\/\",\"url\":\"https:\/\/www.exploreterceiraisland.com\/wp-content\/uploads\/2021\/02\/teste.jpg\",\"contentUrl\":\"https:\/\/www.exploreterceiraisland.com\/wp-content\/uploads\/2021\/02\/teste.jpg\",\"width\":1449,\"height\":962,\"caption\":\"Explore Terceira\"},\"image\":{\"@id\":\"https:\/\/www.exploreterceiraisland.com\/#\/schema\/logo\/image\/\"},\"sameAs\":[\"https:\/\/www.facebook.com\/exploreterceira\/\",\"https:\/\/www.instagram.com\/exploreterceira\/\",\"https:\/\/www.youtube.com\/channel\/UCgUtDnAn0ym_W89OdzfNLmg\"]},{\"@type\":\"Person\",\"@id\":\"https:\/\/www.exploreterceiraisland.com\/#\/schema\/person\/b0effbd95a2012466a100f85a29d9c4f\",\"name\":\"Filipe Rocha\"}]}<\/script>\n<!-- \/ Yoast SEO plugin. -->","yoast_head_json":{"title":"Peter Francisco \u201cUm Her\u00f3i da Revolu\u00e7\u00e3o Americana com Ra\u00edzes A\u00e7oreanas\u201d - Explore Terceira","robots":{"index":"index","follow":"follow","max-snippet":"max-snippet:-1","max-image-preview":"max-image-preview:large","max-video-preview":"max-video-preview:-1"},"canonical":"https:\/\/www.exploreterceiraisland.com\/fr\/peter-francisco-um-heroi-da-revolucao-americana-com-raizes-acoreanas\/","og_locale":"fr_FR","og_type":"article","og_title":"Peter Francisco \u201cUm Her\u00f3i da Revolu\u00e7\u00e3o Americana com Ra\u00edzes A\u00e7oreanas\u201d - Explore Terceira","og_description":"\u201cUm H\u00e9rcules de 6 p\u00e9s e meio de altura que empunhava um sabre de seis p\u00e9s de comprimento, Peter Francisco foi provavelmente o soldado mais extraordin\u00e1rio da Guerra da Revolu\u00e7\u00e3o Americana\u201d Por: Joseph Gustaitis, na American History Magazine Pedro Francisco Machado (Porto Judeu, 1760 \u2013 Richmond, 16 de Janeiro de 1831), referido como Peter Francisco [&hellip;]","og_url":"https:\/\/www.exploreterceiraisland.com\/fr\/peter-francisco-um-heroi-da-revolucao-americana-com-raizes-acoreanas\/","og_site_name":"Explore Terceira","article_publisher":"https:\/\/www.facebook.com\/exploreterceira\/","article_published_time":"2020-12-02T19:12:19+00:00","article_modified_time":"2023-05-09T16:23:52+00:00","og_image":[{"width":600,"height":387,"url":"https:\/\/www.exploreterceiraisland.com\/wp-content\/uploads\/2020\/12\/PeterFrancisco.jpg","type":"image\/jpeg"}],"author":"Filipe Rocha","twitter_card":"summary_large_image","twitter_misc":{"\u00c9crit par":"Filipe Rocha","Dur\u00e9e de lecture estim\u00e9e":"6 minutes"},"schema":{"@context":"https:\/\/schema.org","@graph":[{"@type":"Article","@id":"https:\/\/www.exploreterceiraisland.com\/fr\/peter-francisco-um-heroi-da-revolucao-americana-com-raizes-acoreanas\/#article","isPartOf":{"@id":"https:\/\/www.exploreterceiraisland.com\/fr\/peter-francisco-um-heroi-da-revolucao-americana-com-raizes-acoreanas\/"},"author":{"name":"Filipe Rocha","@id":"https:\/\/www.exploreterceiraisland.com\/#\/schema\/person\/b0effbd95a2012466a100f85a29d9c4f"},"headline":"Peter Francisco \u201cUm Her\u00f3i da Revolu\u00e7\u00e3o Americana com Ra\u00edzes A\u00e7oreanas\u201d","datePublished":"2020-12-02T19:12:19+00:00","dateModified":"2023-05-09T16:23:52+00:00","mainEntityOfPage":{"@id":"https:\/\/www.exploreterceiraisland.com\/fr\/peter-francisco-um-heroi-da-revolucao-americana-com-raizes-acoreanas\/"},"wordCount":1221,"publisher":{"@id":"https:\/\/www.exploreterceiraisland.com\/#organization"},"image":{"@id":"https:\/\/www.exploreterceiraisland.com\/fr\/peter-francisco-um-heroi-da-revolucao-americana-com-raizes-acoreanas\/#primaryimage"},"thumbnailUrl":"https:\/\/www.exploreterceiraisland.com\/wp-content\/uploads\/2020\/12\/PeterFrancisco.jpg","articleSection":["Le sais-tu?"],"inLanguage":"fr-FR"},{"@type":"WebPage","@id":"https:\/\/www.exploreterceiraisland.com\/fr\/peter-francisco-um-heroi-da-revolucao-americana-com-raizes-acoreanas\/","url":"https:\/\/www.exploreterceiraisland.com\/fr\/peter-francisco-um-heroi-da-revolucao-americana-com-raizes-acoreanas\/","name":"Peter Francisco \u201cUm Her\u00f3i da Revolu\u00e7\u00e3o Americana com Ra\u00edzes A\u00e7oreanas\u201d - Explore Terceira","isPartOf":{"@id":"https:\/\/www.exploreterceiraisland.com\/#website"},"primaryImageOfPage":{"@id":"https:\/\/www.exploreterceiraisland.com\/fr\/peter-francisco-um-heroi-da-revolucao-americana-com-raizes-acoreanas\/#primaryimage"},"image":{"@id":"https:\/\/www.exploreterceiraisland.com\/fr\/peter-francisco-um-heroi-da-revolucao-americana-com-raizes-acoreanas\/#primaryimage"},"thumbnailUrl":"https:\/\/www.exploreterceiraisland.com\/wp-content\/uploads\/2020\/12\/PeterFrancisco.jpg","datePublished":"2020-12-02T19:12:19+00:00","dateModified":"2023-05-09T16:23:52+00:00","breadcrumb":{"@id":"https:\/\/www.exploreterceiraisland.com\/fr\/peter-francisco-um-heroi-da-revolucao-americana-com-raizes-acoreanas\/#breadcrumb"},"inLanguage":"fr-FR","potentialAction":[{"@type":"ReadAction","target":["https:\/\/www.exploreterceiraisland.com\/fr\/peter-francisco-um-heroi-da-revolucao-americana-com-raizes-acoreanas\/"]}]},{"@type":"ImageObject","inLanguage":"fr-FR","@id":"https:\/\/www.exploreterceiraisland.com\/fr\/peter-francisco-um-heroi-da-revolucao-americana-com-raizes-acoreanas\/#primaryimage","url":"https:\/\/www.exploreterceiraisland.com\/wp-content\/uploads\/2020\/12\/PeterFrancisco.jpg","contentUrl":"https:\/\/www.exploreterceiraisland.com\/wp-content\/uploads\/2020\/12\/PeterFrancisco.jpg","width":600,"height":387},{"@type":"BreadcrumbList","@id":"https:\/\/www.exploreterceiraisland.com\/fr\/peter-francisco-um-heroi-da-revolucao-americana-com-raizes-acoreanas\/#breadcrumb","itemListElement":[{"@type":"ListItem","position":1,"name":"Home","item":"https:\/\/www.exploreterceiraisland.com\/fr\/"},{"@type":"ListItem","position":2,"name":"Peter Francisco \u201cUm Her\u00f3i da Revolu\u00e7\u00e3o Americana com Ra\u00edzes A\u00e7oreanas\u201d"}]},{"@type":"WebSite","@id":"https:\/\/www.exploreterceiraisland.com\/#website","url":"https:\/\/www.exploreterceiraisland.com\/","name":"Explore Terceira","description":"Explore a Ilha Terceira e partilhe as suas aventuras connosco!","publisher":{"@id":"https:\/\/www.exploreterceiraisland.com\/#organization"},"potentialAction":[{"@type":"SearchAction","target":{"@type":"EntryPoint","urlTemplate":"https:\/\/www.exploreterceiraisland.com\/?s={search_term_string}"},"query-input":{"@type":"PropertyValueSpecification","valueRequired":true,"valueName":"search_term_string"}}],"inLanguage":"fr-FR"},{"@type":"Organization","@id":"https:\/\/www.exploreterceiraisland.com\/#organization","name":"Explore Terceira","url":"https:\/\/www.exploreterceiraisland.com\/","logo":{"@type":"ImageObject","inLanguage":"fr-FR","@id":"https:\/\/www.exploreterceiraisland.com\/#\/schema\/logo\/image\/","url":"https:\/\/www.exploreterceiraisland.com\/wp-content\/uploads\/2021\/02\/teste.jpg","contentUrl":"https:\/\/www.exploreterceiraisland.com\/wp-content\/uploads\/2021\/02\/teste.jpg","width":1449,"height":962,"caption":"Explore Terceira"},"image":{"@id":"https:\/\/www.exploreterceiraisland.com\/#\/schema\/logo\/image\/"},"sameAs":["https:\/\/www.facebook.com\/exploreterceira\/","https:\/\/www.instagram.com\/exploreterceira\/","https:\/\/www.youtube.com\/channel\/UCgUtDnAn0ym_W89OdzfNLmg"]},{"@type":"Person","@id":"https:\/\/www.exploreterceiraisland.com\/#\/schema\/person\/b0effbd95a2012466a100f85a29d9c4f","name":"Filipe Rocha"}]}},"_links":{"self":[{"href":"https:\/\/www.exploreterceiraisland.com\/fr\/wp-json\/wp\/v2\/posts\/39203","targetHints":{"allow":["GET"]}}],"collection":[{"href":"https:\/\/www.exploreterceiraisland.com\/fr\/wp-json\/wp\/v2\/posts"}],"about":[{"href":"https:\/\/www.exploreterceiraisland.com\/fr\/wp-json\/wp\/v2\/types\/post"}],"author":[{"embeddable":true,"href":"https:\/\/www.exploreterceiraisland.com\/fr\/wp-json\/wp\/v2\/users\/2"}],"replies":[{"embeddable":true,"href":"https:\/\/www.exploreterceiraisland.com\/fr\/wp-json\/wp\/v2\/comments?post=39203"}],"version-history":[{"count":0,"href":"https:\/\/www.exploreterceiraisland.com\/fr\/wp-json\/wp\/v2\/posts\/39203\/revisions"}],"wp:featuredmedia":[{"embeddable":true,"href":"https:\/\/www.exploreterceiraisland.com\/fr\/wp-json\/wp\/v2\/media\/4007"}],"wp:attachment":[{"href":"https:\/\/www.exploreterceiraisland.com\/fr\/wp-json\/wp\/v2\/media?parent=39203"}],"wp:term":[{"taxonomy":"category","embeddable":true,"href":"https:\/\/www.exploreterceiraisland.com\/fr\/wp-json\/wp\/v2\/categories?post=39203"},{"taxonomy":"post_tag","embeddable":true,"href":"https:\/\/www.exploreterceiraisland.com\/fr\/wp-json\/wp\/v2\/tags?post=39203"}],"curies":[{"name":"wp","href":"https:\/\/api.w.org\/{rel}","templated":true}]}}