{"id":39207,"date":"2020-12-02T18:12:07","date_gmt":"2020-12-02T19:12:07","guid":{"rendered":"\/ilha-terceira-o-centro-do-mundo-em-1971\/"},"modified":"2023-05-09T15:24:38","modified_gmt":"2023-05-09T16:24:38","slug":"ilha-terceira-o-centro-do-mundo-em-1971","status":"publish","type":"post","link":"https:\/\/www.exploreterceiraisland.com\/fr\/ilha-terceira-o-centro-do-mundo-em-1971\/","title":{"rendered":"Ilha Terceira \u2013 O centro do mundo, em 1971"},"content":{"rendered":"<p><strong>A Cimeira das Lajes, em dezembro de 1971, na ilha Terceira, foi o centro do mundo.<\/strong><\/p>\n<p class=\"p1\"><span class=\"s1\">Foi na estalagem da Serreta, hoje abandonada, que Marcelo Caetano recebeu os presidentes americano e franc\u00eas, Nixon e Pompidou, numa cimeira para enfrentar a crise econ\u00f3mica da altura.<\/span><\/p>\n<p class=\"p1\"><span class=\"s1\">O presidente franc\u00eas Georges Pompidou chegou aos A\u00e7ores debaixo de uma chuva torrencial que deixou os anfitri\u00f5es e dezenas de rep\u00f3rteres e operadores de c\u00e2mara \u00e0 sua espera na pista com \u00e1gua pelos tornozelos. Mas naquele domingo, 12 de dezembro de 1971, os presentes tiveram o privil\u00e9gio de ser dos primeiros mortais a verem a aterragem do avi\u00e3o mais avan\u00e7ado do mundo: o supers\u00f3nico Concorde, ent\u00e3o ainda em voos experimentais, usado por Pompidou para exibir o prest\u00edgio de uma Fran\u00e7a que ent\u00e3o se assumia como l\u00edder da Europa.\u00a0<\/span><\/p>\n<p class=\"p1\"><span class=\"s1\">Horas depois, j\u00e1 de noite, Richard Nixon teve mais sorte com o tempo: ele e o seu insepar\u00e1vel conselheiro de seguran\u00e7a, Henry Kissinger , desceram do\u00a0<i>Air Force One<\/i>\u00a0saudados por um c\u00e9u limpo. Marcelo Caetano exultava de alegria. H\u00e1 muito que um chefe de governo portugu\u00eas n\u00e3o aparecia na alta-roda da pol\u00edtica mundial como naqueles tr\u00eas dias, entre 12 e 14 de dezembro de 1971.<\/span><\/p>\n<p class=\"p1\"><span class=\"s1\">A Europa e a Am\u00e9rica estavam a bra\u00e7os com uma profunda crise econ\u00f3mica e financeira que os especialistas n\u00e3o hesitavam em classificar como a mais grave desde a Segunda Guerra Mundial. O inimigo p\u00fablico n\u00famero 1 do sistema monet\u00e1rio internacional era a infla\u00e7\u00e3o \u2013 um monstro alimentado pelas despesas astron\u00f3micas da guerra do Vietname, nos EUA, e do Estado-provid\u00eancia nos seis pa\u00edses do Mercado Comum (como era ent\u00e3o conhecida a Comunidade Econ\u00f3mica Europeia, antecessora da Uni\u00e3o Europeia) e em Inglaterra, que entraria para a CEE em janeiro de 1973.\u00a0<\/span><\/p>\n<p><img fetchpriority=\"high\" decoding=\"async\" class=\" wp-image-24614 alignright\" src=\"\/wp-content\/uploads\/2020\/12\/cimeira-1971_1-300x200.jpg\" alt=\"\" width=\"440\" height=\"296\" \/><\/p>\n<p class=\"p1\"><span class=\"s1\">Para aliviar a press\u00e3o inflacionista, em agosto desse ano, Richard Nixon tinha abandonado o padr\u00e3o-ouro e, enquanto se preparava para desvalorizar o d\u00f3lar \u2013 o que fez poucos dias depois da cimeira dos A\u00e7ores \u2013 tentava convencer os parceiros europeus a valorizarem as respetivas moedas. Mas n\u00e3o era f\u00e1cil. Primeiro precisava de vender a ideia ao presidente franc\u00eas. Georges Pompidou sucedera apenas dois anos antes ao general De Gaulle, que usou o Mercado Comum para mostrar ao mundo que era a Fran\u00e7a quem liderava a Europa. Por isso, o velho general vetou repetidas vezes a candidatura brit\u00e2nica e aproveitou a fragilidade pol\u00edtica da Alemanha dividida. Pompidou abriu as portas \u00e0 Inglaterra, mas insistia em apresentar a Fran\u00e7a como a \u00ablocomotiva\u00bb europeia.<\/span><\/p>\n<p class=\"p1\"><span class=\"s1\">O Estado Novo deixara o pa\u00eds \u00aborgulhosamente s\u00f3\u00bb, como dissera Salazar. Mas agora, com a cimeira dos A\u00e7ores, as coisas iam mudar\u2026 pelo menos, Marcelo Caetano assim o esperava. O presidente do Conselho chegou ao aeroporto das Lajes \u00e0s 12h40 de domingo, dia 12. Depois dos cumprimentos da praxe, dirigiu-se em cortejo autom\u00f3vel aos palcos da cimeira: a estalagem da Serreta (onde ficou alojado Pompidou) e a Junta Geral do Distrito de Angra do Hero\u00edsmo. Nixon instalou-se na resid\u00eancia do comandante da base americana das Lajes. Marcelo Caetano ficou no Pal\u00e1cio dos Capit\u00e3es-Generais, resid\u00eancia oficial do governador do distrito. O Concorde com o presidente franc\u00eas chegou pelas 16h40, fustigado por b\u00e1tegas de \u00e1gua. A aterragem n\u00e3o foi isenta de percal\u00e7os: o avi\u00e3o teve mesmo um pneu furado, mas Pompidou desembarcou sem incidentes. A comitiva francesa, de que faziam parte o ministro das Finan\u00e7as (e futuro presidente da Rep\u00fablica) Giscard d\u201dEsta<\/span><span class=\"s1\">ing e o ministro dos Neg\u00f3cios Estrangeiros Maurice Schumann, seguiu logo para a estalagem da Serreta. Depois de to<\/span><span class=\"s1\">dos mudarem de roupa \u2013 estavam molhados at\u00e9 aos ossos -, Pompidou teve uma primeira conversa, de cinquenta minutos, com Marcelo Caetano.<\/span><\/p>\n<p><img decoding=\"async\" class=\" wp-image-24619 alignleft\" src=\"\/wp-content\/uploads\/2020\/12\/ESTALAGEM_POUSADA_Serreta_-300x202.jpg\" alt=\"\" width=\"434\" height=\"292\" srcset=\"https:\/\/www.exploreterceiraisland.com\/wp-content\/uploads\/2020\/12\/ESTALAGEM_POUSADA_Serreta_-300x202.jpg 300w, https:\/\/www.exploreterceiraisland.com\/wp-content\/uploads\/2020\/12\/ESTALAGEM_POUSADA_Serreta_-240x161.jpg 240w, https:\/\/www.exploreterceiraisland.com\/wp-content\/uploads\/2020\/12\/ESTALAGEM_POUSADA_Serreta_.jpg 640w\" sizes=\"(max-width: 434px) 100vw, 434px\" \/><\/p>\n<p class=\"p1\"><span class=\"s1\">Este voltou logo a seguir ao aeroporto, a tempo de dar as boas-vindas a Nixon. O\u00a0<i>Air Force One\u00a0<\/i>aterrou \u00e0s 21h45 \u2013 mas o desembarque do presidente americano do Boeing 707, perante centenas de jornalistas e apesar do\u00a0<i>show off<\/i>\u00a0do aparato da seguran\u00e7a, foi ofuscado pela estr<\/span><span class=\"s1\">ela da ocasi\u00e3o: o Concorde que, a curta dist\u00e2ncia, dominava a pista.\u00a0<\/span><\/p>\n<p>&nbsp;<\/p>\n<p class=\"p1\"><span class=\"s1\">O epis\u00f3dio foi alvo de um bra\u00e7o-de-ferro diplom\u00e1tico travado com punhos de renda, daqueles incidentes que d\u00e3o picante ao cinzentismo destes encontros, como conta o ent\u00e3o respons\u00e1vel dos servi\u00e7os de imprensa do governo portugu\u00eas, Pedro Feytor Pinto, nas suas mem\u00f3rias no livro\u00a0<i>Na Sombra do Poder<\/i>: \u00abOs americanos n\u00e3o queriam que o Concorde ficasse em frente da aerogare pois, chegando o presidente Nixon j\u00e1 de noite, com transmiss\u00e3o direta em todas as televis\u00f5es dos Estados Unidos, seria uma evid\u00eancia do atraso americano a presen\u00e7a espetacular do avi\u00e3o franc\u00eas. N\u00e3o \u00e9 f\u00e1cil discutir com norte-americanos mas compreenderam que a parte da base onde se procedia \u00e0s cerim\u00f3nias era portuguesa e ser\u00edamos n\u00f3s a decidir. Assim, o Concorde ficou bem vis\u00edvel, como seria normal. \u00bb E l\u00e1 ficou at\u00e9 ter\u00e7a-feira seguinte, quando, j\u00e1 terminadas as conversa\u00e7\u00f5es, Pompidou convidou Caetano e Nixon para uma visita guiada ao interior do avi\u00e3o de passageiros mais moderno do mundo.<\/span><\/p>\n<p class=\"p1\"><span class=\"s1\"><img decoding=\"async\" class=\" wp-image-24625 alignright\" src=\"\/wp-content\/uploads\/2020\/12\/cimeira-1971-300x214.jpg\" alt=\"\" width=\"421\" height=\"300\" srcset=\"https:\/\/www.exploreterceiraisland.com\/wp-content\/uploads\/2020\/12\/cimeira-1971-300x214.jpg 300w, https:\/\/www.exploreterceiraisland.com\/wp-content\/uploads\/2020\/12\/cimeira-1971-240x171.jpg 240w, https:\/\/www.exploreterceiraisland.com\/wp-content\/uploads\/2020\/12\/cimeira-1971.jpg 500w\" sizes=\"(max-width: 421px) 100vw, 421px\" \/>Nixon e Pompidou conversaram muito ao longo dos dias 13 e 14 de dezembro. N\u00e3o chegaram a um entendimento sobre o futuro do sistema monet\u00e1rio internacional mas acertaram agulhas para novo encontro, alargado aos outros cinco pa\u00edses do Mercado Comum, \u00e0 Inglaterra, ao Canad\u00e1 e ao Jap\u00e3o (o Grupo dos Dez), da\u00ed a quatro dias, na Smithsonian Institution, em Washington, de que resultaram os \u00abAcordos de Smithsonian\u00bb, de 18 de dezembro de 1971 \u2013 e a inevit\u00e1vel desvaloriza\u00e7\u00e3o do d\u00f3lar.<\/span><\/p>\n<p class=\"p1\"><span class=\"s1\">Marcelo Caetano n\u00e3o chegou a participar na cimeira de que foi anfitri\u00e3o. As suas conversas foram sempre a dois, quer com Nixon, que o p\u00f4s ao corrente das suas pr\u00f3ximas visitas \u2013 essas sim, de import\u00e2ncia hist\u00f3rica \u2013 \u00e0 China de Mao Tse-tung e \u00e0 URSS de Brejnev, quer com Pompidou. Pouco depois da viagem aos A\u00e7ores foi revelado publicamente que o presidente franc\u00eas sofria de cancro, a doen\u00e7a que o matou em 1974. O mesmo ano em que Marcelo Caetano foi derrubado por um golpe de Estado em Lisboa e em que Nixon pediu a demiss\u00e3o por causa do estrondo do esc\u00e2ndalo Watergate.<\/span><\/p>\n<p class=\"p1\"><span class=\"s1\">Apesar de ter estado sob as luzes da ribalta na cimeira dos A\u00e7ores, o regime autorit\u00e1rio portugu\u00eas continuou isolado. E, nos A\u00e7ores, a estalagem da Serreta nunca mais voltou aos dias gloriosos.<\/span><\/p>\n<p class=\"p1\"><span class=\"s1\">Os A\u00e7ores voltaram a estar debaixo dos holofotes dos\u00a0<i>media<\/i>\u00a0de todo o mundo em 16 de mar\u00e7o de 2003. O ent\u00e3o primeiro-ministro Dur\u00e3o Barroso recebeu o presidente dos EUA George W. Bush, o presidente do governo espanhol Jos\u00e9 Mar\u00eda Aznar e o primeiro-ministro brit\u00e2nico Tony Blair na base das Lajes. A cimeira destinou-se a manifestar o apoio daqueles tr\u00eas l\u00edderes europeus aos EUA na guerra desencadeada poucos dias depois contra o ditador iraquiano Saddam Hussein.<\/span><\/p>\n<p class=\"p1\"><span class=\"s1\">Fonte: Di\u00e1rio de Not\u00edcias<\/span><\/p>\n<p>&nbsp;<\/p>\n<p>&nbsp;<\/p>\n<p>&nbsp;<\/p>\n","protected":false},"excerpt":{"rendered":"<p>A Cimeira das Lajes, em dezembro de 1971, na ilha Terceira, foi o centro do mundo. Foi na estalagem da Serreta, hoje abandonada, que Marcelo Caetano recebeu os presidentes americano e franc\u00eas, Nixon e Pompidou, numa cimeira para enfrentar a crise econ\u00f3mica da altura. O presidente franc\u00eas Georges Pompidou chegou aos A\u00e7ores debaixo de uma [&hellip;]<\/p>\n","protected":false},"author":2,"featured_media":3999,"comment_status":"closed","ping_status":"closed","sticky":false,"template":"","format":"standard","meta":{"footnotes":"","_links_to":"","_links_to_target":""},"categories":[206],"tags":[],"class_list":["post-39207","post","type-post","status-publish","format-standard","has-post-thumbnail","hentry","category-le-sais-tu"],"yoast_head":"<!-- This site is optimized with the Yoast SEO plugin v27.2 - https:\/\/yoast.com\/product\/yoast-seo-wordpress\/ -->\n<title>Ilha Terceira \u2013 O centro do mundo, em 1971 - Explore Terceira<\/title>\n<meta name=\"robots\" content=\"index, follow, max-snippet:-1, max-image-preview:large, max-video-preview:-1\" \/>\n<link rel=\"canonical\" href=\"https:\/\/www.exploreterceiraisland.com\/fr\/ilha-terceira-o-centro-do-mundo-em-1971\/\" \/>\n<meta property=\"og:locale\" content=\"fr_FR\" \/>\n<meta property=\"og:type\" content=\"article\" \/>\n<meta property=\"og:title\" content=\"Ilha Terceira \u2013 O centro do mundo, em 1971 - Explore Terceira\" \/>\n<meta property=\"og:description\" content=\"A Cimeira das Lajes, em dezembro de 1971, na ilha Terceira, foi o centro do mundo. Foi na estalagem da Serreta, hoje abandonada, que Marcelo Caetano recebeu os presidentes americano e franc\u00eas, Nixon e Pompidou, numa cimeira para enfrentar a crise econ\u00f3mica da altura. O presidente franc\u00eas Georges Pompidou chegou aos A\u00e7ores debaixo de uma [&hellip;]\" \/>\n<meta property=\"og:url\" content=\"https:\/\/www.exploreterceiraisland.com\/fr\/ilha-terceira-o-centro-do-mundo-em-1971\/\" \/>\n<meta property=\"og:site_name\" content=\"Explore Terceira\" \/>\n<meta property=\"article:publisher\" content=\"https:\/\/www.facebook.com\/exploreterceira\/\" \/>\n<meta property=\"article:published_time\" content=\"2020-12-02T19:12:07+00:00\" \/>\n<meta property=\"article:modified_time\" content=\"2023-05-09T16:24:38+00:00\" \/>\n<meta property=\"og:image\" content=\"https:\/\/www.exploreterceiraisland.com\/wp-content\/uploads\/2020\/12\/1971_Cimeira_01.gif\" \/>\n\t<meta property=\"og:image:width\" content=\"500\" \/>\n\t<meta property=\"og:image:height\" content=\"342\" \/>\n\t<meta property=\"og:image:type\" content=\"image\/gif\" \/>\n<meta name=\"author\" content=\"Filipe Rocha\" \/>\n<meta name=\"twitter:card\" content=\"summary_large_image\" \/>\n<meta name=\"twitter:label1\" content=\"\u00c9crit par\" \/>\n\t<meta name=\"twitter:data1\" content=\"Filipe Rocha\" \/>\n\t<meta name=\"twitter:label2\" content=\"Dur\u00e9e de lecture estim\u00e9e\" \/>\n\t<meta name=\"twitter:data2\" content=\"6 minutes\" \/>\n<script type=\"application\/ld+json\" class=\"yoast-schema-graph\">{\"@context\":\"https:\/\/schema.org\",\"@graph\":[{\"@type\":\"Article\",\"@id\":\"https:\/\/www.exploreterceiraisland.com\/fr\/ilha-terceira-o-centro-do-mundo-em-1971\/#article\",\"isPartOf\":{\"@id\":\"https:\/\/www.exploreterceiraisland.com\/fr\/ilha-terceira-o-centro-do-mundo-em-1971\/\"},\"author\":{\"name\":\"Filipe Rocha\",\"@id\":\"https:\/\/www.exploreterceiraisland.com\/#\/schema\/person\/b0effbd95a2012466a100f85a29d9c4f\"},\"headline\":\"Ilha Terceira \u2013 O centro do mundo, em 1971\",\"datePublished\":\"2020-12-02T19:12:07+00:00\",\"dateModified\":\"2023-05-09T16:24:38+00:00\",\"mainEntityOfPage\":{\"@id\":\"https:\/\/www.exploreterceiraisland.com\/fr\/ilha-terceira-o-centro-do-mundo-em-1971\/\"},\"wordCount\":1212,\"publisher\":{\"@id\":\"https:\/\/www.exploreterceiraisland.com\/#organization\"},\"image\":{\"@id\":\"https:\/\/www.exploreterceiraisland.com\/fr\/ilha-terceira-o-centro-do-mundo-em-1971\/#primaryimage\"},\"thumbnailUrl\":\"https:\/\/www.exploreterceiraisland.com\/wp-content\/uploads\/2020\/12\/1971_Cimeira_01.gif\",\"articleSection\":[\"Le sais-tu?\"],\"inLanguage\":\"fr-FR\"},{\"@type\":\"WebPage\",\"@id\":\"https:\/\/www.exploreterceiraisland.com\/fr\/ilha-terceira-o-centro-do-mundo-em-1971\/\",\"url\":\"https:\/\/www.exploreterceiraisland.com\/fr\/ilha-terceira-o-centro-do-mundo-em-1971\/\",\"name\":\"Ilha Terceira \u2013 O centro do mundo, em 1971 - Explore Terceira\",\"isPartOf\":{\"@id\":\"https:\/\/www.exploreterceiraisland.com\/#website\"},\"primaryImageOfPage\":{\"@id\":\"https:\/\/www.exploreterceiraisland.com\/fr\/ilha-terceira-o-centro-do-mundo-em-1971\/#primaryimage\"},\"image\":{\"@id\":\"https:\/\/www.exploreterceiraisland.com\/fr\/ilha-terceira-o-centro-do-mundo-em-1971\/#primaryimage\"},\"thumbnailUrl\":\"https:\/\/www.exploreterceiraisland.com\/wp-content\/uploads\/2020\/12\/1971_Cimeira_01.gif\",\"datePublished\":\"2020-12-02T19:12:07+00:00\",\"dateModified\":\"2023-05-09T16:24:38+00:00\",\"breadcrumb\":{\"@id\":\"https:\/\/www.exploreterceiraisland.com\/fr\/ilha-terceira-o-centro-do-mundo-em-1971\/#breadcrumb\"},\"inLanguage\":\"fr-FR\",\"potentialAction\":[{\"@type\":\"ReadAction\",\"target\":[\"https:\/\/www.exploreterceiraisland.com\/fr\/ilha-terceira-o-centro-do-mundo-em-1971\/\"]}]},{\"@type\":\"ImageObject\",\"inLanguage\":\"fr-FR\",\"@id\":\"https:\/\/www.exploreterceiraisland.com\/fr\/ilha-terceira-o-centro-do-mundo-em-1971\/#primaryimage\",\"url\":\"https:\/\/www.exploreterceiraisland.com\/wp-content\/uploads\/2020\/12\/1971_Cimeira_01.gif\",\"contentUrl\":\"https:\/\/www.exploreterceiraisland.com\/wp-content\/uploads\/2020\/12\/1971_Cimeira_01.gif\",\"width\":500,\"height\":342},{\"@type\":\"BreadcrumbList\",\"@id\":\"https:\/\/www.exploreterceiraisland.com\/fr\/ilha-terceira-o-centro-do-mundo-em-1971\/#breadcrumb\",\"itemListElement\":[{\"@type\":\"ListItem\",\"position\":1,\"name\":\"Home\",\"item\":\"https:\/\/www.exploreterceiraisland.com\/fr\/\"},{\"@type\":\"ListItem\",\"position\":2,\"name\":\"Ilha Terceira \u2013 O centro do mundo, em 1971\"}]},{\"@type\":\"WebSite\",\"@id\":\"https:\/\/www.exploreterceiraisland.com\/#website\",\"url\":\"https:\/\/www.exploreterceiraisland.com\/\",\"name\":\"Explore Terceira\",\"description\":\"Explore a Ilha Terceira e partilhe as suas aventuras connosco!\",\"publisher\":{\"@id\":\"https:\/\/www.exploreterceiraisland.com\/#organization\"},\"potentialAction\":[{\"@type\":\"SearchAction\",\"target\":{\"@type\":\"EntryPoint\",\"urlTemplate\":\"https:\/\/www.exploreterceiraisland.com\/?s={search_term_string}\"},\"query-input\":{\"@type\":\"PropertyValueSpecification\",\"valueRequired\":true,\"valueName\":\"search_term_string\"}}],\"inLanguage\":\"fr-FR\"},{\"@type\":\"Organization\",\"@id\":\"https:\/\/www.exploreterceiraisland.com\/#organization\",\"name\":\"Explore Terceira\",\"url\":\"https:\/\/www.exploreterceiraisland.com\/\",\"logo\":{\"@type\":\"ImageObject\",\"inLanguage\":\"fr-FR\",\"@id\":\"https:\/\/www.exploreterceiraisland.com\/#\/schema\/logo\/image\/\",\"url\":\"https:\/\/www.exploreterceiraisland.com\/wp-content\/uploads\/2021\/02\/teste.jpg\",\"contentUrl\":\"https:\/\/www.exploreterceiraisland.com\/wp-content\/uploads\/2021\/02\/teste.jpg\",\"width\":1449,\"height\":962,\"caption\":\"Explore Terceira\"},\"image\":{\"@id\":\"https:\/\/www.exploreterceiraisland.com\/#\/schema\/logo\/image\/\"},\"sameAs\":[\"https:\/\/www.facebook.com\/exploreterceira\/\",\"https:\/\/www.instagram.com\/exploreterceira\/\",\"https:\/\/www.youtube.com\/channel\/UCgUtDnAn0ym_W89OdzfNLmg\"]},{\"@type\":\"Person\",\"@id\":\"https:\/\/www.exploreterceiraisland.com\/#\/schema\/person\/b0effbd95a2012466a100f85a29d9c4f\",\"name\":\"Filipe Rocha\"}]}<\/script>\n<!-- \/ Yoast SEO plugin. -->","yoast_head_json":{"title":"Ilha Terceira \u2013 O centro do mundo, em 1971 - Explore Terceira","robots":{"index":"index","follow":"follow","max-snippet":"max-snippet:-1","max-image-preview":"max-image-preview:large","max-video-preview":"max-video-preview:-1"},"canonical":"https:\/\/www.exploreterceiraisland.com\/fr\/ilha-terceira-o-centro-do-mundo-em-1971\/","og_locale":"fr_FR","og_type":"article","og_title":"Ilha Terceira \u2013 O centro do mundo, em 1971 - Explore Terceira","og_description":"A Cimeira das Lajes, em dezembro de 1971, na ilha Terceira, foi o centro do mundo. Foi na estalagem da Serreta, hoje abandonada, que Marcelo Caetano recebeu os presidentes americano e franc\u00eas, Nixon e Pompidou, numa cimeira para enfrentar a crise econ\u00f3mica da altura. O presidente franc\u00eas Georges Pompidou chegou aos A\u00e7ores debaixo de uma [&hellip;]","og_url":"https:\/\/www.exploreterceiraisland.com\/fr\/ilha-terceira-o-centro-do-mundo-em-1971\/","og_site_name":"Explore Terceira","article_publisher":"https:\/\/www.facebook.com\/exploreterceira\/","article_published_time":"2020-12-02T19:12:07+00:00","article_modified_time":"2023-05-09T16:24:38+00:00","og_image":[{"width":500,"height":342,"url":"https:\/\/www.exploreterceiraisland.com\/wp-content\/uploads\/2020\/12\/1971_Cimeira_01.gif","type":"image\/gif"}],"author":"Filipe Rocha","twitter_card":"summary_large_image","twitter_misc":{"\u00c9crit par":"Filipe Rocha","Dur\u00e9e de lecture estim\u00e9e":"6 minutes"},"schema":{"@context":"https:\/\/schema.org","@graph":[{"@type":"Article","@id":"https:\/\/www.exploreterceiraisland.com\/fr\/ilha-terceira-o-centro-do-mundo-em-1971\/#article","isPartOf":{"@id":"https:\/\/www.exploreterceiraisland.com\/fr\/ilha-terceira-o-centro-do-mundo-em-1971\/"},"author":{"name":"Filipe Rocha","@id":"https:\/\/www.exploreterceiraisland.com\/#\/schema\/person\/b0effbd95a2012466a100f85a29d9c4f"},"headline":"Ilha Terceira \u2013 O centro do mundo, em 1971","datePublished":"2020-12-02T19:12:07+00:00","dateModified":"2023-05-09T16:24:38+00:00","mainEntityOfPage":{"@id":"https:\/\/www.exploreterceiraisland.com\/fr\/ilha-terceira-o-centro-do-mundo-em-1971\/"},"wordCount":1212,"publisher":{"@id":"https:\/\/www.exploreterceiraisland.com\/#organization"},"image":{"@id":"https:\/\/www.exploreterceiraisland.com\/fr\/ilha-terceira-o-centro-do-mundo-em-1971\/#primaryimage"},"thumbnailUrl":"https:\/\/www.exploreterceiraisland.com\/wp-content\/uploads\/2020\/12\/1971_Cimeira_01.gif","articleSection":["Le sais-tu?"],"inLanguage":"fr-FR"},{"@type":"WebPage","@id":"https:\/\/www.exploreterceiraisland.com\/fr\/ilha-terceira-o-centro-do-mundo-em-1971\/","url":"https:\/\/www.exploreterceiraisland.com\/fr\/ilha-terceira-o-centro-do-mundo-em-1971\/","name":"Ilha Terceira \u2013 O centro do mundo, em 1971 - Explore Terceira","isPartOf":{"@id":"https:\/\/www.exploreterceiraisland.com\/#website"},"primaryImageOfPage":{"@id":"https:\/\/www.exploreterceiraisland.com\/fr\/ilha-terceira-o-centro-do-mundo-em-1971\/#primaryimage"},"image":{"@id":"https:\/\/www.exploreterceiraisland.com\/fr\/ilha-terceira-o-centro-do-mundo-em-1971\/#primaryimage"},"thumbnailUrl":"https:\/\/www.exploreterceiraisland.com\/wp-content\/uploads\/2020\/12\/1971_Cimeira_01.gif","datePublished":"2020-12-02T19:12:07+00:00","dateModified":"2023-05-09T16:24:38+00:00","breadcrumb":{"@id":"https:\/\/www.exploreterceiraisland.com\/fr\/ilha-terceira-o-centro-do-mundo-em-1971\/#breadcrumb"},"inLanguage":"fr-FR","potentialAction":[{"@type":"ReadAction","target":["https:\/\/www.exploreterceiraisland.com\/fr\/ilha-terceira-o-centro-do-mundo-em-1971\/"]}]},{"@type":"ImageObject","inLanguage":"fr-FR","@id":"https:\/\/www.exploreterceiraisland.com\/fr\/ilha-terceira-o-centro-do-mundo-em-1971\/#primaryimage","url":"https:\/\/www.exploreterceiraisland.com\/wp-content\/uploads\/2020\/12\/1971_Cimeira_01.gif","contentUrl":"https:\/\/www.exploreterceiraisland.com\/wp-content\/uploads\/2020\/12\/1971_Cimeira_01.gif","width":500,"height":342},{"@type":"BreadcrumbList","@id":"https:\/\/www.exploreterceiraisland.com\/fr\/ilha-terceira-o-centro-do-mundo-em-1971\/#breadcrumb","itemListElement":[{"@type":"ListItem","position":1,"name":"Home","item":"https:\/\/www.exploreterceiraisland.com\/fr\/"},{"@type":"ListItem","position":2,"name":"Ilha Terceira \u2013 O centro do mundo, em 1971"}]},{"@type":"WebSite","@id":"https:\/\/www.exploreterceiraisland.com\/#website","url":"https:\/\/www.exploreterceiraisland.com\/","name":"Explore Terceira","description":"Explore a Ilha Terceira e partilhe as suas aventuras connosco!","publisher":{"@id":"https:\/\/www.exploreterceiraisland.com\/#organization"},"potentialAction":[{"@type":"SearchAction","target":{"@type":"EntryPoint","urlTemplate":"https:\/\/www.exploreterceiraisland.com\/?s={search_term_string}"},"query-input":{"@type":"PropertyValueSpecification","valueRequired":true,"valueName":"search_term_string"}}],"inLanguage":"fr-FR"},{"@type":"Organization","@id":"https:\/\/www.exploreterceiraisland.com\/#organization","name":"Explore Terceira","url":"https:\/\/www.exploreterceiraisland.com\/","logo":{"@type":"ImageObject","inLanguage":"fr-FR","@id":"https:\/\/www.exploreterceiraisland.com\/#\/schema\/logo\/image\/","url":"https:\/\/www.exploreterceiraisland.com\/wp-content\/uploads\/2021\/02\/teste.jpg","contentUrl":"https:\/\/www.exploreterceiraisland.com\/wp-content\/uploads\/2021\/02\/teste.jpg","width":1449,"height":962,"caption":"Explore Terceira"},"image":{"@id":"https:\/\/www.exploreterceiraisland.com\/#\/schema\/logo\/image\/"},"sameAs":["https:\/\/www.facebook.com\/exploreterceira\/","https:\/\/www.instagram.com\/exploreterceira\/","https:\/\/www.youtube.com\/channel\/UCgUtDnAn0ym_W89OdzfNLmg"]},{"@type":"Person","@id":"https:\/\/www.exploreterceiraisland.com\/#\/schema\/person\/b0effbd95a2012466a100f85a29d9c4f","name":"Filipe Rocha"}]}},"_links":{"self":[{"href":"https:\/\/www.exploreterceiraisland.com\/fr\/wp-json\/wp\/v2\/posts\/39207","targetHints":{"allow":["GET"]}}],"collection":[{"href":"https:\/\/www.exploreterceiraisland.com\/fr\/wp-json\/wp\/v2\/posts"}],"about":[{"href":"https:\/\/www.exploreterceiraisland.com\/fr\/wp-json\/wp\/v2\/types\/post"}],"author":[{"embeddable":true,"href":"https:\/\/www.exploreterceiraisland.com\/fr\/wp-json\/wp\/v2\/users\/2"}],"replies":[{"embeddable":true,"href":"https:\/\/www.exploreterceiraisland.com\/fr\/wp-json\/wp\/v2\/comments?post=39207"}],"version-history":[{"count":0,"href":"https:\/\/www.exploreterceiraisland.com\/fr\/wp-json\/wp\/v2\/posts\/39207\/revisions"}],"wp:featuredmedia":[{"embeddable":true,"href":"https:\/\/www.exploreterceiraisland.com\/fr\/wp-json\/wp\/v2\/media\/3999"}],"wp:attachment":[{"href":"https:\/\/www.exploreterceiraisland.com\/fr\/wp-json\/wp\/v2\/media?parent=39207"}],"wp:term":[{"taxonomy":"category","embeddable":true,"href":"https:\/\/www.exploreterceiraisland.com\/fr\/wp-json\/wp\/v2\/categories?post=39207"},{"taxonomy":"post_tag","embeddable":true,"href":"https:\/\/www.exploreterceiraisland.com\/fr\/wp-json\/wp\/v2\/tags?post=39207"}],"curies":[{"name":"wp","href":"https:\/\/api.w.org\/{rel}","templated":true}]}}