{"id":39211,"date":"2020-12-02T18:11:17","date_gmt":"2020-12-02T19:11:17","guid":{"rendered":"\/lenda-menino-do-coro-e-a-sineira-da-se\/"},"modified":"2023-05-09T15:24:39","modified_gmt":"2023-05-09T16:24:39","slug":"lenda-menino-do-coro-e-a-sineira-da-se","status":"publish","type":"post","link":"https:\/\/www.exploreterceiraisland.com\/fr\/lenda-menino-do-coro-e-a-sineira-da-se\/","title":{"rendered":"Lenda \u201cMenino do Coro e a Sineira da S\u00e9\u201d"},"content":{"rendered":"<p>Foi na Terceira, em Angra, que se estabeleceu a primeira cidade dos A\u00e7ores e a sede da Diocese a\u00e7oriana, com a cria\u00e7\u00e3o do Bispado de Angra e Ilha dos A\u00e7ores, em 1534. Decidiu-se pela urg\u00eancia da constru\u00e7\u00e3o de uma nova Igreja, assim, em 1570, dava-se in\u00edcio \u00e0 constru\u00e7\u00e3o da S\u00e9 Catedral de Angra. As obras da S\u00e9 foram interrompidas aquando da crise de sucess\u00e3o de 1580.<\/p>\n<p>Ap\u00f3s um per\u00edodo de 3 anos, em 1583, os espanh\u00f3is conseguiram invadir a Terceira, atrav\u00e9s do desembarque da Ba\u00eda das M\u00f3s. Seguiu-se um momento em que a popula\u00e7\u00e3o foi castigada pelo seu apoio ao pretendente portugu\u00eas. No meio disso, as obras da Igreja da S\u00e9 continuaram. No s\u00e9culo XVII quando as obras foram conclu\u00eddas, a Igreja da S\u00e9 apresentava uma planta retangular em estilo renascentista e \u201cch\u00e3o\u201d.\u00a0Com materiais vindos de todas as partes do mundo, ao longo dos s\u00e9culos XVII e XVIII, quer por ordem dos reis e da corte, quer por ofertas, a S\u00e9 de Angra embelezou-se com o barroco e com a grandeza das \u00cdndias e das Am\u00e9ricas. A S\u00e9 de Angra tornava-se um s\u00edmbolo da riqueza do Imp\u00e9rio Portugu\u00eas.<\/p>\n<p>No s\u00e9culo XVII nasceu uma lenda ligada \u00e0 S\u00e9, a do \u201cMenino do Coro e a Sineira da S\u00e9\u201d. Segundo esta, no tesouro da Igreja da S\u00e9 existia uma ex\u00f3tica imagem de Santo Ant\u00f3nio de Lisboa, em que este se encontrava vestido como um menino do coro, algo nunca visto. A lenda diz que certo dia, um mestre da capela muito preocupado em conseguir a\u00a0harmonia musical entre os seus alunos, amea\u00e7ou bater num deles caso este n\u00e3o come\u00e7asse a entoar as m\u00fasicas na forma correta. O rapaz apavorado fugiu, encaminhando-se para uma das torres da S\u00e9. Subiu a \u00edngreme escada em caracol que levava aos sinos e aos pin\u00e1culos das torres da Catedral angrense e, quando chegou ao cimo, confundindo o barulho do vento com o barulho de passos, julgou ter ouvido o mestre da capela e atirou-se do alto da torre onde estava. A crian\u00e7a foi salva por um vento divino que a sustentou no ar, voando por tr\u00eas ruas at\u00e9 ser depositada no telhado do Convento de Nossa Senhora da Esperan\u00e7a. Para comemorar esta a\u00e7\u00e3o divina, o pai da crian\u00e7a mandou est\u00e3o fazer a mencionada imagem de Santo Ant\u00f3nio vestido de menino de coro, que durante muitos anos esteve exposta na S\u00e9. O rapaz viria a tornar-se sacerdote.<\/p>\n<p>O Sismo de 1 de Janeiro de 1980, o de maior intensidade dos \u00faltimos 200 anos em Portugal, com uma magnitude de 7,2 na escala de Richter, com epicentro a 35km a sudoeste de Angra do Hero\u00edsmo, a cidade mais afetada, danificou fortemente a Igreja da S\u00e9. Dias depois, esta come\u00e7ou a reerguer-se, seguindo a filosofia de p\u00f4-la como estava, mantendo o interior. A S\u00e9 sofreu uma derrocada, em 1983, que destruiu uma das colunas e o frontisp\u00edcio. Quando decorriam as obras de repara\u00e7\u00e3o, a S\u00e9 Catedral de Angra do Hero\u00edsmo foi v\u00edtima de um inc\u00eandio, a 25 de setembro de 1983, passaram recentemente 30 anos.<\/p>\n<p>O inc\u00eandio foi ateado por um jovem que tinha acesso ao interior da S\u00e9 e que depois foi declarado doente psiqui\u00e1trico, mas na altura houve quem suspeitasse que a a\u00e7\u00e3o tivesse sido encomendada. Algumas pessoas ainda hoje dizem que era \u201cum louco\u201d. Segundo a popula\u00e7\u00e3o, o cen\u00e1rio era \u201cassustador\u201d, pois o fogo estava \u201ct\u00e3o alto que atravessava a rua e amea\u00e7ava alastrar-se a v\u00e1rios quarteir\u00f5es de Angra do Hero\u00edsmo\u201d. O medo instalou-se, parecia que \u201co centro da cidade todo ardia\u201d. Felizmente o fogo foi controlado.<\/p>\n<p>Os preju\u00edzos do inc\u00eandio foram incalcul\u00e1veis, o mobili\u00e1rio ardeu todo, perderam-se as cadeiras dos c\u00f3negos, do coro alto e do coro baixo, os \u00f3rg\u00e3os de tubos, os lustres em madeira e o soalho. A beleza do Barroco desaparecia, com a destrui\u00e7\u00e3o dos caixot\u00f5es dos tetos, das imagens esculpidas na parede, das molduras e dos enquadramentos em talha dourada, que arderam. Salvou-se apenas o que era m\u00f3vel, como pratas, paramentos e telas, que tinham sido deslocados para o sal\u00e3o do semin\u00e1rio.<\/p>\n<p>A Igreja da S\u00e9 voltou a erguer-se das cinzas e renascia, mantendo a sua impon\u00eancia e grandeza. Assim, a 3 de novembro de 1985, a Igreja da S\u00e9 foi reaberta ao culto e dedicado o novo altar pelo ent\u00e3o Patriarca de Lisboa D. Ant\u00f3nio Ribeiro. Continua a ser a sede do Bispado de Angra e A\u00e7ores, o maior templo dos A\u00e7ores. Falta apostar na recupera\u00e7\u00e3o de v\u00e1rias pe\u00e7as que aguaram o seu restauro, \u00e9 preciso valorizar os nossos tesouros.<\/p>\n<p><em>Texto e Foto\/ Francisco Miguel Nogueira | franciscomgl@gmail.com<\/em><br \/>\n<em>Fonte: Jornal da Praia<\/em><\/p>\n","protected":false},"excerpt":{"rendered":"<p>Foi na Terceira, em Angra, que se estabeleceu a primeira cidade dos A\u00e7ores e a sede da Diocese a\u00e7oriana, com a cria\u00e7\u00e3o do Bispado de Angra e Ilha dos A\u00e7ores, em 1534. Decidiu-se pela urg\u00eancia da constru\u00e7\u00e3o de uma nova Igreja, assim, em 1570, dava-se in\u00edcio \u00e0 constru\u00e7\u00e3o da S\u00e9 Catedral de Angra. As obras [&hellip;]<\/p>\n","protected":false},"author":2,"featured_media":3992,"comment_status":"closed","ping_status":"closed","sticky":false,"template":"","format":"standard","meta":{"footnotes":"","_links_to":"","_links_to_target":""},"categories":[206],"tags":[],"class_list":["post-39211","post","type-post","status-publish","format-standard","has-post-thumbnail","hentry","category-le-sais-tu"],"yoast_head":"<!-- This site is optimized with the Yoast SEO plugin v27.2 - https:\/\/yoast.com\/product\/yoast-seo-wordpress\/ -->\n<title>Lenda \u201cMenino do Coro e a Sineira da S\u00e9\u201d - Explore Terceira<\/title>\n<meta name=\"robots\" content=\"index, follow, max-snippet:-1, max-image-preview:large, max-video-preview:-1\" \/>\n<link rel=\"canonical\" href=\"https:\/\/www.exploreterceiraisland.com\/fr\/lenda-menino-do-coro-e-a-sineira-da-se\/\" \/>\n<meta property=\"og:locale\" content=\"fr_FR\" \/>\n<meta property=\"og:type\" content=\"article\" \/>\n<meta property=\"og:title\" content=\"Lenda \u201cMenino do Coro e a Sineira da S\u00e9\u201d - Explore Terceira\" \/>\n<meta property=\"og:description\" content=\"Foi na Terceira, em Angra, que se estabeleceu a primeira cidade dos A\u00e7ores e a sede da Diocese a\u00e7oriana, com a cria\u00e7\u00e3o do Bispado de Angra e Ilha dos A\u00e7ores, em 1534. Decidiu-se pela urg\u00eancia da constru\u00e7\u00e3o de uma nova Igreja, assim, em 1570, dava-se in\u00edcio \u00e0 constru\u00e7\u00e3o da S\u00e9 Catedral de Angra. As obras [&hellip;]\" \/>\n<meta property=\"og:url\" content=\"https:\/\/www.exploreterceiraisland.com\/fr\/lenda-menino-do-coro-e-a-sineira-da-se\/\" \/>\n<meta property=\"og:site_name\" content=\"Explore Terceira\" \/>\n<meta property=\"article:publisher\" content=\"https:\/\/www.facebook.com\/exploreterceira\/\" \/>\n<meta property=\"article:published_time\" content=\"2020-12-02T19:11:17+00:00\" \/>\n<meta property=\"article:modified_time\" content=\"2023-05-09T16:24:39+00:00\" \/>\n<meta property=\"og:image\" content=\"https:\/\/www.exploreterceiraisland.com\/wp-content\/uploads\/2020\/12\/Igreja-da-Se\u0301.jpg\" \/>\n\t<meta property=\"og:image:width\" content=\"672\" \/>\n\t<meta property=\"og:image:height\" content=\"519\" \/>\n\t<meta property=\"og:image:type\" content=\"image\/jpeg\" \/>\n<meta name=\"author\" content=\"Filipe Rocha\" \/>\n<meta name=\"twitter:card\" content=\"summary_large_image\" \/>\n<meta name=\"twitter:label1\" content=\"\u00c9crit par\" \/>\n\t<meta name=\"twitter:data1\" content=\"Filipe Rocha\" \/>\n\t<meta name=\"twitter:label2\" content=\"Dur\u00e9e de lecture estim\u00e9e\" \/>\n\t<meta name=\"twitter:data2\" content=\"4 minutes\" \/>\n<script type=\"application\/ld+json\" class=\"yoast-schema-graph\">{\"@context\":\"https:\/\/schema.org\",\"@graph\":[{\"@type\":\"Article\",\"@id\":\"https:\/\/www.exploreterceiraisland.com\/fr\/lenda-menino-do-coro-e-a-sineira-da-se\/#article\",\"isPartOf\":{\"@id\":\"https:\/\/www.exploreterceiraisland.com\/fr\/lenda-menino-do-coro-e-a-sineira-da-se\/\"},\"author\":{\"name\":\"Filipe Rocha\",\"@id\":\"https:\/\/www.exploreterceiraisland.com\/#\/schema\/person\/b0effbd95a2012466a100f85a29d9c4f\"},\"headline\":\"Lenda \u201cMenino do Coro e a Sineira da S\u00e9\u201d\",\"datePublished\":\"2020-12-02T19:11:17+00:00\",\"dateModified\":\"2023-05-09T16:24:39+00:00\",\"mainEntityOfPage\":{\"@id\":\"https:\/\/www.exploreterceiraisland.com\/fr\/lenda-menino-do-coro-e-a-sineira-da-se\/\"},\"wordCount\":831,\"publisher\":{\"@id\":\"https:\/\/www.exploreterceiraisland.com\/#organization\"},\"image\":{\"@id\":\"https:\/\/www.exploreterceiraisland.com\/fr\/lenda-menino-do-coro-e-a-sineira-da-se\/#primaryimage\"},\"thumbnailUrl\":\"https:\/\/www.exploreterceiraisland.com\/wp-content\/uploads\/2020\/12\/Igreja-da-Se\u0301.jpg\",\"articleSection\":[\"Le sais-tu?\"],\"inLanguage\":\"fr-FR\"},{\"@type\":\"WebPage\",\"@id\":\"https:\/\/www.exploreterceiraisland.com\/fr\/lenda-menino-do-coro-e-a-sineira-da-se\/\",\"url\":\"https:\/\/www.exploreterceiraisland.com\/fr\/lenda-menino-do-coro-e-a-sineira-da-se\/\",\"name\":\"Lenda \u201cMenino do Coro e a Sineira da S\u00e9\u201d - Explore Terceira\",\"isPartOf\":{\"@id\":\"https:\/\/www.exploreterceiraisland.com\/#website\"},\"primaryImageOfPage\":{\"@id\":\"https:\/\/www.exploreterceiraisland.com\/fr\/lenda-menino-do-coro-e-a-sineira-da-se\/#primaryimage\"},\"image\":{\"@id\":\"https:\/\/www.exploreterceiraisland.com\/fr\/lenda-menino-do-coro-e-a-sineira-da-se\/#primaryimage\"},\"thumbnailUrl\":\"https:\/\/www.exploreterceiraisland.com\/wp-content\/uploads\/2020\/12\/Igreja-da-Se\u0301.jpg\",\"datePublished\":\"2020-12-02T19:11:17+00:00\",\"dateModified\":\"2023-05-09T16:24:39+00:00\",\"breadcrumb\":{\"@id\":\"https:\/\/www.exploreterceiraisland.com\/fr\/lenda-menino-do-coro-e-a-sineira-da-se\/#breadcrumb\"},\"inLanguage\":\"fr-FR\",\"potentialAction\":[{\"@type\":\"ReadAction\",\"target\":[\"https:\/\/www.exploreterceiraisland.com\/fr\/lenda-menino-do-coro-e-a-sineira-da-se\/\"]}]},{\"@type\":\"ImageObject\",\"inLanguage\":\"fr-FR\",\"@id\":\"https:\/\/www.exploreterceiraisland.com\/fr\/lenda-menino-do-coro-e-a-sineira-da-se\/#primaryimage\",\"url\":\"https:\/\/www.exploreterceiraisland.com\/wp-content\/uploads\/2020\/12\/Igreja-da-Se\u0301.jpg\",\"contentUrl\":\"https:\/\/www.exploreterceiraisland.com\/wp-content\/uploads\/2020\/12\/Igreja-da-Se\u0301.jpg\",\"width\":672,\"height\":519},{\"@type\":\"BreadcrumbList\",\"@id\":\"https:\/\/www.exploreterceiraisland.com\/fr\/lenda-menino-do-coro-e-a-sineira-da-se\/#breadcrumb\",\"itemListElement\":[{\"@type\":\"ListItem\",\"position\":1,\"name\":\"Home\",\"item\":\"https:\/\/www.exploreterceiraisland.com\/fr\/\"},{\"@type\":\"ListItem\",\"position\":2,\"name\":\"Lenda \u201cMenino do Coro e a Sineira da S\u00e9\u201d\"}]},{\"@type\":\"WebSite\",\"@id\":\"https:\/\/www.exploreterceiraisland.com\/#website\",\"url\":\"https:\/\/www.exploreterceiraisland.com\/\",\"name\":\"Explore Terceira\",\"description\":\"Explore a Ilha Terceira e partilhe as suas aventuras connosco!\",\"publisher\":{\"@id\":\"https:\/\/www.exploreterceiraisland.com\/#organization\"},\"potentialAction\":[{\"@type\":\"SearchAction\",\"target\":{\"@type\":\"EntryPoint\",\"urlTemplate\":\"https:\/\/www.exploreterceiraisland.com\/?s={search_term_string}\"},\"query-input\":{\"@type\":\"PropertyValueSpecification\",\"valueRequired\":true,\"valueName\":\"search_term_string\"}}],\"inLanguage\":\"fr-FR\"},{\"@type\":\"Organization\",\"@id\":\"https:\/\/www.exploreterceiraisland.com\/#organization\",\"name\":\"Explore Terceira\",\"url\":\"https:\/\/www.exploreterceiraisland.com\/\",\"logo\":{\"@type\":\"ImageObject\",\"inLanguage\":\"fr-FR\",\"@id\":\"https:\/\/www.exploreterceiraisland.com\/#\/schema\/logo\/image\/\",\"url\":\"https:\/\/www.exploreterceiraisland.com\/wp-content\/uploads\/2021\/02\/teste.jpg\",\"contentUrl\":\"https:\/\/www.exploreterceiraisland.com\/wp-content\/uploads\/2021\/02\/teste.jpg\",\"width\":1449,\"height\":962,\"caption\":\"Explore Terceira\"},\"image\":{\"@id\":\"https:\/\/www.exploreterceiraisland.com\/#\/schema\/logo\/image\/\"},\"sameAs\":[\"https:\/\/www.facebook.com\/exploreterceira\/\",\"https:\/\/www.instagram.com\/exploreterceira\/\",\"https:\/\/www.youtube.com\/channel\/UCgUtDnAn0ym_W89OdzfNLmg\"]},{\"@type\":\"Person\",\"@id\":\"https:\/\/www.exploreterceiraisland.com\/#\/schema\/person\/b0effbd95a2012466a100f85a29d9c4f\",\"name\":\"Filipe Rocha\"}]}<\/script>\n<!-- \/ Yoast SEO plugin. -->","yoast_head_json":{"title":"Lenda \u201cMenino do Coro e a Sineira da S\u00e9\u201d - Explore Terceira","robots":{"index":"index","follow":"follow","max-snippet":"max-snippet:-1","max-image-preview":"max-image-preview:large","max-video-preview":"max-video-preview:-1"},"canonical":"https:\/\/www.exploreterceiraisland.com\/fr\/lenda-menino-do-coro-e-a-sineira-da-se\/","og_locale":"fr_FR","og_type":"article","og_title":"Lenda \u201cMenino do Coro e a Sineira da S\u00e9\u201d - Explore Terceira","og_description":"Foi na Terceira, em Angra, que se estabeleceu a primeira cidade dos A\u00e7ores e a sede da Diocese a\u00e7oriana, com a cria\u00e7\u00e3o do Bispado de Angra e Ilha dos A\u00e7ores, em 1534. Decidiu-se pela urg\u00eancia da constru\u00e7\u00e3o de uma nova Igreja, assim, em 1570, dava-se in\u00edcio \u00e0 constru\u00e7\u00e3o da S\u00e9 Catedral de Angra. As obras [&hellip;]","og_url":"https:\/\/www.exploreterceiraisland.com\/fr\/lenda-menino-do-coro-e-a-sineira-da-se\/","og_site_name":"Explore Terceira","article_publisher":"https:\/\/www.facebook.com\/exploreterceira\/","article_published_time":"2020-12-02T19:11:17+00:00","article_modified_time":"2023-05-09T16:24:39+00:00","og_image":[{"width":672,"height":519,"url":"https:\/\/www.exploreterceiraisland.com\/wp-content\/uploads\/2020\/12\/Igreja-da-Se\u0301.jpg","type":"image\/jpeg"}],"author":"Filipe Rocha","twitter_card":"summary_large_image","twitter_misc":{"\u00c9crit par":"Filipe Rocha","Dur\u00e9e de lecture estim\u00e9e":"4 minutes"},"schema":{"@context":"https:\/\/schema.org","@graph":[{"@type":"Article","@id":"https:\/\/www.exploreterceiraisland.com\/fr\/lenda-menino-do-coro-e-a-sineira-da-se\/#article","isPartOf":{"@id":"https:\/\/www.exploreterceiraisland.com\/fr\/lenda-menino-do-coro-e-a-sineira-da-se\/"},"author":{"name":"Filipe Rocha","@id":"https:\/\/www.exploreterceiraisland.com\/#\/schema\/person\/b0effbd95a2012466a100f85a29d9c4f"},"headline":"Lenda \u201cMenino do Coro e a Sineira da S\u00e9\u201d","datePublished":"2020-12-02T19:11:17+00:00","dateModified":"2023-05-09T16:24:39+00:00","mainEntityOfPage":{"@id":"https:\/\/www.exploreterceiraisland.com\/fr\/lenda-menino-do-coro-e-a-sineira-da-se\/"},"wordCount":831,"publisher":{"@id":"https:\/\/www.exploreterceiraisland.com\/#organization"},"image":{"@id":"https:\/\/www.exploreterceiraisland.com\/fr\/lenda-menino-do-coro-e-a-sineira-da-se\/#primaryimage"},"thumbnailUrl":"https:\/\/www.exploreterceiraisland.com\/wp-content\/uploads\/2020\/12\/Igreja-da-Se\u0301.jpg","articleSection":["Le sais-tu?"],"inLanguage":"fr-FR"},{"@type":"WebPage","@id":"https:\/\/www.exploreterceiraisland.com\/fr\/lenda-menino-do-coro-e-a-sineira-da-se\/","url":"https:\/\/www.exploreterceiraisland.com\/fr\/lenda-menino-do-coro-e-a-sineira-da-se\/","name":"Lenda \u201cMenino do Coro e a Sineira da S\u00e9\u201d - Explore Terceira","isPartOf":{"@id":"https:\/\/www.exploreterceiraisland.com\/#website"},"primaryImageOfPage":{"@id":"https:\/\/www.exploreterceiraisland.com\/fr\/lenda-menino-do-coro-e-a-sineira-da-se\/#primaryimage"},"image":{"@id":"https:\/\/www.exploreterceiraisland.com\/fr\/lenda-menino-do-coro-e-a-sineira-da-se\/#primaryimage"},"thumbnailUrl":"https:\/\/www.exploreterceiraisland.com\/wp-content\/uploads\/2020\/12\/Igreja-da-Se\u0301.jpg","datePublished":"2020-12-02T19:11:17+00:00","dateModified":"2023-05-09T16:24:39+00:00","breadcrumb":{"@id":"https:\/\/www.exploreterceiraisland.com\/fr\/lenda-menino-do-coro-e-a-sineira-da-se\/#breadcrumb"},"inLanguage":"fr-FR","potentialAction":[{"@type":"ReadAction","target":["https:\/\/www.exploreterceiraisland.com\/fr\/lenda-menino-do-coro-e-a-sineira-da-se\/"]}]},{"@type":"ImageObject","inLanguage":"fr-FR","@id":"https:\/\/www.exploreterceiraisland.com\/fr\/lenda-menino-do-coro-e-a-sineira-da-se\/#primaryimage","url":"https:\/\/www.exploreterceiraisland.com\/wp-content\/uploads\/2020\/12\/Igreja-da-Se\u0301.jpg","contentUrl":"https:\/\/www.exploreterceiraisland.com\/wp-content\/uploads\/2020\/12\/Igreja-da-Se\u0301.jpg","width":672,"height":519},{"@type":"BreadcrumbList","@id":"https:\/\/www.exploreterceiraisland.com\/fr\/lenda-menino-do-coro-e-a-sineira-da-se\/#breadcrumb","itemListElement":[{"@type":"ListItem","position":1,"name":"Home","item":"https:\/\/www.exploreterceiraisland.com\/fr\/"},{"@type":"ListItem","position":2,"name":"Lenda \u201cMenino do Coro e a Sineira da S\u00e9\u201d"}]},{"@type":"WebSite","@id":"https:\/\/www.exploreterceiraisland.com\/#website","url":"https:\/\/www.exploreterceiraisland.com\/","name":"Explore Terceira","description":"Explore a Ilha Terceira e partilhe as suas aventuras connosco!","publisher":{"@id":"https:\/\/www.exploreterceiraisland.com\/#organization"},"potentialAction":[{"@type":"SearchAction","target":{"@type":"EntryPoint","urlTemplate":"https:\/\/www.exploreterceiraisland.com\/?s={search_term_string}"},"query-input":{"@type":"PropertyValueSpecification","valueRequired":true,"valueName":"search_term_string"}}],"inLanguage":"fr-FR"},{"@type":"Organization","@id":"https:\/\/www.exploreterceiraisland.com\/#organization","name":"Explore Terceira","url":"https:\/\/www.exploreterceiraisland.com\/","logo":{"@type":"ImageObject","inLanguage":"fr-FR","@id":"https:\/\/www.exploreterceiraisland.com\/#\/schema\/logo\/image\/","url":"https:\/\/www.exploreterceiraisland.com\/wp-content\/uploads\/2021\/02\/teste.jpg","contentUrl":"https:\/\/www.exploreterceiraisland.com\/wp-content\/uploads\/2021\/02\/teste.jpg","width":1449,"height":962,"caption":"Explore Terceira"},"image":{"@id":"https:\/\/www.exploreterceiraisland.com\/#\/schema\/logo\/image\/"},"sameAs":["https:\/\/www.facebook.com\/exploreterceira\/","https:\/\/www.instagram.com\/exploreterceira\/","https:\/\/www.youtube.com\/channel\/UCgUtDnAn0ym_W89OdzfNLmg"]},{"@type":"Person","@id":"https:\/\/www.exploreterceiraisland.com\/#\/schema\/person\/b0effbd95a2012466a100f85a29d9c4f","name":"Filipe Rocha"}]}},"_links":{"self":[{"href":"https:\/\/www.exploreterceiraisland.com\/fr\/wp-json\/wp\/v2\/posts\/39211","targetHints":{"allow":["GET"]}}],"collection":[{"href":"https:\/\/www.exploreterceiraisland.com\/fr\/wp-json\/wp\/v2\/posts"}],"about":[{"href":"https:\/\/www.exploreterceiraisland.com\/fr\/wp-json\/wp\/v2\/types\/post"}],"author":[{"embeddable":true,"href":"https:\/\/www.exploreterceiraisland.com\/fr\/wp-json\/wp\/v2\/users\/2"}],"replies":[{"embeddable":true,"href":"https:\/\/www.exploreterceiraisland.com\/fr\/wp-json\/wp\/v2\/comments?post=39211"}],"version-history":[{"count":0,"href":"https:\/\/www.exploreterceiraisland.com\/fr\/wp-json\/wp\/v2\/posts\/39211\/revisions"}],"wp:featuredmedia":[{"embeddable":true,"href":"https:\/\/www.exploreterceiraisland.com\/fr\/wp-json\/wp\/v2\/media\/3992"}],"wp:attachment":[{"href":"https:\/\/www.exploreterceiraisland.com\/fr\/wp-json\/wp\/v2\/media?parent=39211"}],"wp:term":[{"taxonomy":"category","embeddable":true,"href":"https:\/\/www.exploreterceiraisland.com\/fr\/wp-json\/wp\/v2\/categories?post=39211"},{"taxonomy":"post_tag","embeddable":true,"href":"https:\/\/www.exploreterceiraisland.com\/fr\/wp-json\/wp\/v2\/tags?post=39211"}],"curies":[{"name":"wp","href":"https:\/\/api.w.org\/{rel}","templated":true}]}}