{"id":39219,"date":"2020-12-02T18:04:05","date_gmt":"2020-12-02T19:04:05","guid":{"rendered":"\/a-passagem-de-charles-darwin-pela-ilha-terceira\/"},"modified":"2023-05-09T15:24:46","modified_gmt":"2023-05-09T16:24:46","slug":"a-passagem-de-charles-darwin-pela-ilha-terceira","status":"publish","type":"post","link":"https:\/\/www.exploreterceiraisland.com\/fr\/a-passagem-de-charles-darwin-pela-ilha-terceira\/","title":{"rendered":"A passagem de Charles Darwin pela ilha Terceira"},"content":{"rendered":"<p><em>* Photograph of Charles Darwin by Maull and Polyblank for the Literary and Scientific Portrait Club<\/em><\/p>\n<p>De facto, Ant\u00f3nio Frias Martins, investigador do Departamento de Biologia da Universidade dos A\u00e7ores, afirmou \u00e0 Ag\u00eancia Lusa que \u00ab\u00a0nos A\u00e7ores h\u00e1 muita coisa digna de registo\u00a0\u00bb, porque o arquip\u00e9lago, que tem uma grande biodiversidade e esp\u00e9cies animais \u00fanicas, \u00e9 um verdadeiro laborat\u00f3rio natural que sustenta a Teoria da Evolu\u00e7\u00e3o.<\/p>\n<p>O \u00fanico portugu\u00eas que se correspondeu regularmente com Darwin &#8211; entre Junho e Novembro de 1881 &#8211; foi precisamente um naturalista a\u00e7oriano, Francisco Arruda Furtado. A sua hist\u00f3ria \u00e9 contada no livro \u00ab\u00a0O portugu\u00eas que se correspondeu com Darwin\u00a0\u00bb, de Paulo Renato Trinc\u00e3o (professor da Universidade Aveiro).<\/p>\n<p>A investiga\u00e7\u00e3o cient\u00edfica recente tem, sem d\u00favida, consolidado a ideia de que os A\u00e7ores s\u00e3o um arquip\u00e9lago de elei\u00e7\u00e3o para provar a diversidade da evolu\u00e7\u00e3o atrav\u00e9s da selec\u00e7\u00e3o natural tal como Darwin a defendia.<\/p>\n<p>Um dos exemplos, citado pela revista National Geographic, s\u00e3o os estudos feitos sobre o painho-da-madeira, uma ave marinha t\u00edpica das ilhas do Atl\u00e2ntico (incluindo a Madeira, Cabo Verde e S. Tom\u00e9 e Pr\u00edncipe), mas onde foi descoberta uma esp\u00e9cie \u00fanica nos A\u00e7ores com apenas 250 a 300 casais. \u00danica em termos gen\u00e9ticos, nos cantos e vocaliza\u00e7\u00f5es, nas \u00e9pocas de muda ou no comportamento alimentar.<\/p>\n<p>Outra esp\u00e9cie \u00fanica \u00e9 o Priolo, ave da floresta laurissilva de S. Miguel, que est\u00e1 a realizar uma campanha para recuperar o seu habitat coordenado pela Sociedade Portuguesa para o Estudo das Aves (SPEA), por estar amea\u00e7ada de extin\u00e7\u00e3o. A laurissilva \u00e9, al\u00e9m disso, uma floresta tamb\u00e9m com caracter\u00edsticas \u00fanicas, que s\u00f3 existe nos A\u00e7ores e na Madeira.<\/p>\n<p>fonte:expresso.sapo.pt<\/p>\n<p>Para comemorar os 180 anos da passagem de Charles Darwin na Terceira , a C\u00e2mara Municipal de Angra do Hero\u00edsmo\u00a0\u00a0preparou esta s\u00e9rie de quatro epis\u00f3dios que reproduzem de forma livre a estadia na ilha, com base nas notas que o naturalista escreveu no seu di\u00e1rio de viagem.<\/p>\n<p>O v\u00eddeo ser\u00e1 reproduzido sem som (mudo). Por favor, ligue o som atrav\u00e9s dos controles do player de v\u00eddeo.<\/p>\n<p><strong>Epis\u00f3dio 1<\/strong><br \/>\n<iframe src=\"https:\/\/www.facebook.com\/plugins\/video.php?height=314&#038;href=https%3A%2F%2Fwww.facebook.com%2Fcmangradoheroismo%2Fvideos%2F1256294481081565%2F&#038;show_text=false&#038;width=560\" width=\"560\" height=\"314\" style=\"border:none;overflow:hidden\" scrolling=\"no\" frameborder=\"0\" allowfullscreen=\"true\" allow=\"autoplay; clipboard-write; encrypted-media; picture-in-picture; web-share\" allowFullScreen=\"true\"><\/iframe><\/p>\n<p><strong>Epis\u00f3dio 2<\/strong><br \/>\n<iframe src=\"https:\/\/www.facebook.com\/plugins\/video.php?height=314&#038;href=https%3A%2F%2Fwww.facebook.com%2Fcmangradoheroismo%2Fvideos%2F1257091587668521%2F&#038;show_text=false&#038;width=560\" width=\"560\" height=\"314\" style=\"border:none;overflow:hidden\" scrolling=\"no\" frameborder=\"0\" allowfullscreen=\"true\" allow=\"autoplay; clipboard-write; encrypted-media; picture-in-picture; web-share\" allowFullScreen=\"true\"><\/iframe><\/p>\n<p><strong>Epis\u00f3dio 3<\/strong><br \/>\n<iframe src=\"https:\/\/www.facebook.com\/plugins\/video.php?height=314&#038;href=https%3A%2F%2Fwww.facebook.com%2Fcmangradoheroismo%2Fvideos%2F1257893897588290%2F&#038;show_text=false&#038;width=560\" width=\"560\" height=\"314\" style=\"border:none;overflow:hidden\" scrolling=\"no\" frameborder=\"0\" allowfullscreen=\"true\" allow=\"autoplay; clipboard-write; encrypted-media; picture-in-picture; web-share\" allowFullScreen=\"true\"><\/iframe><\/p>\n<p><strong>Epis\u00f3dio Final<\/strong><br \/>\n<iframe src=\"https:\/\/www.facebook.com\/plugins\/video.php?height=314&#038;href=https%3A%2F%2Fwww.facebook.com%2Fcmangradoheroismo%2Fvideos%2F1258831954161151%2F&#038;show_text=false&#038;width=560\" width=\"560\" height=\"314\" style=\"border:none;overflow:hidden\" scrolling=\"no\" frameborder=\"0\" allowfullscreen=\"true\" allow=\"autoplay; clipboard-write; encrypted-media; picture-in-picture; web-share\" allowFullScreen=\"true\"><\/iframe><\/p>\n","protected":false},"excerpt":{"rendered":"<p>* Photograph of Charles Darwin by Maull and Polyblank for the Literary and Scientific Portrait Club De facto, Ant\u00f3nio Frias Martins, investigador do Departamento de Biologia da Universidade dos A\u00e7ores, afirmou \u00e0 Ag\u00eancia Lusa que \u00ab\u00a0nos A\u00e7ores h\u00e1 muita coisa digna de registo\u00a0\u00bb, porque o arquip\u00e9lago, que tem uma grande biodiversidade e esp\u00e9cies animais \u00fanicas, [&hellip;]<\/p>\n","protected":false},"author":2,"featured_media":3973,"comment_status":"closed","ping_status":"closed","sticky":false,"template":"","format":"standard","meta":{"footnotes":"","_links_to":"","_links_to_target":""},"categories":[206],"tags":[],"class_list":["post-39219","post","type-post","status-publish","format-standard","has-post-thumbnail","hentry","category-le-sais-tu"],"yoast_head":"<!-- This site is optimized with the Yoast SEO plugin v27.2 - https:\/\/yoast.com\/product\/yoast-seo-wordpress\/ -->\n<title>A passagem de Charles Darwin pela ilha Terceira - Explore Terceira<\/title>\n<meta name=\"robots\" content=\"index, follow, max-snippet:-1, max-image-preview:large, max-video-preview:-1\" \/>\n<link rel=\"canonical\" href=\"https:\/\/www.exploreterceiraisland.com\/fr\/a-passagem-de-charles-darwin-pela-ilha-terceira\/\" \/>\n<meta property=\"og:locale\" content=\"fr_FR\" \/>\n<meta property=\"og:type\" content=\"article\" \/>\n<meta property=\"og:title\" content=\"A passagem de Charles Darwin pela ilha Terceira - Explore Terceira\" \/>\n<meta property=\"og:description\" content=\"* Photograph of Charles Darwin by Maull and Polyblank for the Literary and Scientific Portrait Club De facto, Ant\u00f3nio Frias Martins, investigador do Departamento de Biologia da Universidade dos A\u00e7ores, afirmou \u00e0 Ag\u00eancia Lusa que \u00ab\u00a0nos A\u00e7ores h\u00e1 muita coisa digna de registo\u00a0\u00bb, porque o arquip\u00e9lago, que tem uma grande biodiversidade e esp\u00e9cies animais \u00fanicas, [&hellip;]\" \/>\n<meta property=\"og:url\" content=\"https:\/\/www.exploreterceiraisland.com\/fr\/a-passagem-de-charles-darwin-pela-ilha-terceira\/\" \/>\n<meta property=\"og:site_name\" content=\"Explore Terceira\" \/>\n<meta property=\"article:publisher\" content=\"https:\/\/www.facebook.com\/exploreterceira\/\" \/>\n<meta property=\"article:published_time\" content=\"2020-12-02T19:04:05+00:00\" \/>\n<meta property=\"article:modified_time\" content=\"2023-05-09T16:24:46+00:00\" \/>\n<meta property=\"og:image\" content=\"https:\/\/www.exploreterceiraisland.com\/wp-content\/uploads\/2020\/12\/Darwin_1_1050x700Photograph-of-Charles-Darwin-by-Maull-and-Polyblank-for-the-Literary-and-Scientific-Portrait-Club.jpg\" \/>\n\t<meta property=\"og:image:width\" content=\"1050\" \/>\n\t<meta property=\"og:image:height\" content=\"700\" \/>\n\t<meta property=\"og:image:type\" content=\"image\/jpeg\" \/>\n<meta name=\"author\" content=\"Filipe Rocha\" \/>\n<meta name=\"twitter:card\" content=\"summary_large_image\" \/>\n<meta name=\"twitter:label1\" content=\"\u00c9crit par\" \/>\n\t<meta name=\"twitter:data1\" content=\"Filipe Rocha\" \/>\n\t<meta name=\"twitter:label2\" content=\"Dur\u00e9e de lecture estim\u00e9e\" \/>\n\t<meta name=\"twitter:data2\" content=\"2 minutes\" \/>\n<script type=\"application\/ld+json\" class=\"yoast-schema-graph\">{\"@context\":\"https:\/\/schema.org\",\"@graph\":[{\"@type\":\"Article\",\"@id\":\"https:\/\/www.exploreterceiraisland.com\/fr\/a-passagem-de-charles-darwin-pela-ilha-terceira\/#article\",\"isPartOf\":{\"@id\":\"https:\/\/www.exploreterceiraisland.com\/fr\/a-passagem-de-charles-darwin-pela-ilha-terceira\/\"},\"author\":{\"name\":\"Filipe Rocha\",\"@id\":\"https:\/\/www.exploreterceiraisland.com\/#\/schema\/person\/b0effbd95a2012466a100f85a29d9c4f\"},\"headline\":\"A passagem de Charles Darwin pela ilha Terceira\",\"datePublished\":\"2020-12-02T19:04:05+00:00\",\"dateModified\":\"2023-05-09T16:24:46+00:00\",\"mainEntityOfPage\":{\"@id\":\"https:\/\/www.exploreterceiraisland.com\/fr\/a-passagem-de-charles-darwin-pela-ilha-terceira\/\"},\"wordCount\":392,\"publisher\":{\"@id\":\"https:\/\/www.exploreterceiraisland.com\/#organization\"},\"image\":{\"@id\":\"https:\/\/www.exploreterceiraisland.com\/fr\/a-passagem-de-charles-darwin-pela-ilha-terceira\/#primaryimage\"},\"thumbnailUrl\":\"https:\/\/www.exploreterceiraisland.com\/wp-content\/uploads\/2020\/12\/Darwin_1_1050x700Photograph-of-Charles-Darwin-by-Maull-and-Polyblank-for-the-Literary-and-Scientific-Portrait-Club.jpg\",\"articleSection\":[\"Le sais-tu?\"],\"inLanguage\":\"fr-FR\"},{\"@type\":\"WebPage\",\"@id\":\"https:\/\/www.exploreterceiraisland.com\/fr\/a-passagem-de-charles-darwin-pela-ilha-terceira\/\",\"url\":\"https:\/\/www.exploreterceiraisland.com\/fr\/a-passagem-de-charles-darwin-pela-ilha-terceira\/\",\"name\":\"A passagem de Charles Darwin pela ilha Terceira - Explore Terceira\",\"isPartOf\":{\"@id\":\"https:\/\/www.exploreterceiraisland.com\/#website\"},\"primaryImageOfPage\":{\"@id\":\"https:\/\/www.exploreterceiraisland.com\/fr\/a-passagem-de-charles-darwin-pela-ilha-terceira\/#primaryimage\"},\"image\":{\"@id\":\"https:\/\/www.exploreterceiraisland.com\/fr\/a-passagem-de-charles-darwin-pela-ilha-terceira\/#primaryimage\"},\"thumbnailUrl\":\"https:\/\/www.exploreterceiraisland.com\/wp-content\/uploads\/2020\/12\/Darwin_1_1050x700Photograph-of-Charles-Darwin-by-Maull-and-Polyblank-for-the-Literary-and-Scientific-Portrait-Club.jpg\",\"datePublished\":\"2020-12-02T19:04:05+00:00\",\"dateModified\":\"2023-05-09T16:24:46+00:00\",\"breadcrumb\":{\"@id\":\"https:\/\/www.exploreterceiraisland.com\/fr\/a-passagem-de-charles-darwin-pela-ilha-terceira\/#breadcrumb\"},\"inLanguage\":\"fr-FR\",\"potentialAction\":[{\"@type\":\"ReadAction\",\"target\":[\"https:\/\/www.exploreterceiraisland.com\/fr\/a-passagem-de-charles-darwin-pela-ilha-terceira\/\"]}]},{\"@type\":\"ImageObject\",\"inLanguage\":\"fr-FR\",\"@id\":\"https:\/\/www.exploreterceiraisland.com\/fr\/a-passagem-de-charles-darwin-pela-ilha-terceira\/#primaryimage\",\"url\":\"https:\/\/www.exploreterceiraisland.com\/wp-content\/uploads\/2020\/12\/Darwin_1_1050x700Photograph-of-Charles-Darwin-by-Maull-and-Polyblank-for-the-Literary-and-Scientific-Portrait-Club.jpg\",\"contentUrl\":\"https:\/\/www.exploreterceiraisland.com\/wp-content\/uploads\/2020\/12\/Darwin_1_1050x700Photograph-of-Charles-Darwin-by-Maull-and-Polyblank-for-the-Literary-and-Scientific-Portrait-Club.jpg\",\"width\":1050,\"height\":700,\"caption\":\"Photograph of Charles Darwin by Maull and Polyblank for the Literary and Scientific Portrait Club\"},{\"@type\":\"BreadcrumbList\",\"@id\":\"https:\/\/www.exploreterceiraisland.com\/fr\/a-passagem-de-charles-darwin-pela-ilha-terceira\/#breadcrumb\",\"itemListElement\":[{\"@type\":\"ListItem\",\"position\":1,\"name\":\"Home\",\"item\":\"https:\/\/www.exploreterceiraisland.com\/fr\/\"},{\"@type\":\"ListItem\",\"position\":2,\"name\":\"A passagem de Charles Darwin pela ilha Terceira\"}]},{\"@type\":\"WebSite\",\"@id\":\"https:\/\/www.exploreterceiraisland.com\/#website\",\"url\":\"https:\/\/www.exploreterceiraisland.com\/\",\"name\":\"Explore Terceira\",\"description\":\"Explore a Ilha Terceira e partilhe as suas aventuras connosco!\",\"publisher\":{\"@id\":\"https:\/\/www.exploreterceiraisland.com\/#organization\"},\"potentialAction\":[{\"@type\":\"SearchAction\",\"target\":{\"@type\":\"EntryPoint\",\"urlTemplate\":\"https:\/\/www.exploreterceiraisland.com\/?s={search_term_string}\"},\"query-input\":{\"@type\":\"PropertyValueSpecification\",\"valueRequired\":true,\"valueName\":\"search_term_string\"}}],\"inLanguage\":\"fr-FR\"},{\"@type\":\"Organization\",\"@id\":\"https:\/\/www.exploreterceiraisland.com\/#organization\",\"name\":\"Explore Terceira\",\"url\":\"https:\/\/www.exploreterceiraisland.com\/\",\"logo\":{\"@type\":\"ImageObject\",\"inLanguage\":\"fr-FR\",\"@id\":\"https:\/\/www.exploreterceiraisland.com\/#\/schema\/logo\/image\/\",\"url\":\"https:\/\/www.exploreterceiraisland.com\/wp-content\/uploads\/2021\/02\/teste.jpg\",\"contentUrl\":\"https:\/\/www.exploreterceiraisland.com\/wp-content\/uploads\/2021\/02\/teste.jpg\",\"width\":1449,\"height\":962,\"caption\":\"Explore Terceira\"},\"image\":{\"@id\":\"https:\/\/www.exploreterceiraisland.com\/#\/schema\/logo\/image\/\"},\"sameAs\":[\"https:\/\/www.facebook.com\/exploreterceira\/\",\"https:\/\/www.instagram.com\/exploreterceira\/\",\"https:\/\/www.youtube.com\/channel\/UCgUtDnAn0ym_W89OdzfNLmg\"]},{\"@type\":\"Person\",\"@id\":\"https:\/\/www.exploreterceiraisland.com\/#\/schema\/person\/b0effbd95a2012466a100f85a29d9c4f\",\"name\":\"Filipe Rocha\"}]}<\/script>\n<!-- \/ Yoast SEO plugin. -->","yoast_head_json":{"title":"A passagem de Charles Darwin pela ilha Terceira - Explore Terceira","robots":{"index":"index","follow":"follow","max-snippet":"max-snippet:-1","max-image-preview":"max-image-preview:large","max-video-preview":"max-video-preview:-1"},"canonical":"https:\/\/www.exploreterceiraisland.com\/fr\/a-passagem-de-charles-darwin-pela-ilha-terceira\/","og_locale":"fr_FR","og_type":"article","og_title":"A passagem de Charles Darwin pela ilha Terceira - Explore Terceira","og_description":"* Photograph of Charles Darwin by Maull and Polyblank for the Literary and Scientific Portrait Club De facto, Ant\u00f3nio Frias Martins, investigador do Departamento de Biologia da Universidade dos A\u00e7ores, afirmou \u00e0 Ag\u00eancia Lusa que \u00ab\u00a0nos A\u00e7ores h\u00e1 muita coisa digna de registo\u00a0\u00bb, porque o arquip\u00e9lago, que tem uma grande biodiversidade e esp\u00e9cies animais \u00fanicas, [&hellip;]","og_url":"https:\/\/www.exploreterceiraisland.com\/fr\/a-passagem-de-charles-darwin-pela-ilha-terceira\/","og_site_name":"Explore Terceira","article_publisher":"https:\/\/www.facebook.com\/exploreterceira\/","article_published_time":"2020-12-02T19:04:05+00:00","article_modified_time":"2023-05-09T16:24:46+00:00","og_image":[{"width":1050,"height":700,"url":"https:\/\/www.exploreterceiraisland.com\/wp-content\/uploads\/2020\/12\/Darwin_1_1050x700Photograph-of-Charles-Darwin-by-Maull-and-Polyblank-for-the-Literary-and-Scientific-Portrait-Club.jpg","type":"image\/jpeg"}],"author":"Filipe Rocha","twitter_card":"summary_large_image","twitter_misc":{"\u00c9crit par":"Filipe Rocha","Dur\u00e9e de lecture estim\u00e9e":"2 minutes"},"schema":{"@context":"https:\/\/schema.org","@graph":[{"@type":"Article","@id":"https:\/\/www.exploreterceiraisland.com\/fr\/a-passagem-de-charles-darwin-pela-ilha-terceira\/#article","isPartOf":{"@id":"https:\/\/www.exploreterceiraisland.com\/fr\/a-passagem-de-charles-darwin-pela-ilha-terceira\/"},"author":{"name":"Filipe Rocha","@id":"https:\/\/www.exploreterceiraisland.com\/#\/schema\/person\/b0effbd95a2012466a100f85a29d9c4f"},"headline":"A passagem de Charles Darwin pela ilha Terceira","datePublished":"2020-12-02T19:04:05+00:00","dateModified":"2023-05-09T16:24:46+00:00","mainEntityOfPage":{"@id":"https:\/\/www.exploreterceiraisland.com\/fr\/a-passagem-de-charles-darwin-pela-ilha-terceira\/"},"wordCount":392,"publisher":{"@id":"https:\/\/www.exploreterceiraisland.com\/#organization"},"image":{"@id":"https:\/\/www.exploreterceiraisland.com\/fr\/a-passagem-de-charles-darwin-pela-ilha-terceira\/#primaryimage"},"thumbnailUrl":"https:\/\/www.exploreterceiraisland.com\/wp-content\/uploads\/2020\/12\/Darwin_1_1050x700Photograph-of-Charles-Darwin-by-Maull-and-Polyblank-for-the-Literary-and-Scientific-Portrait-Club.jpg","articleSection":["Le sais-tu?"],"inLanguage":"fr-FR"},{"@type":"WebPage","@id":"https:\/\/www.exploreterceiraisland.com\/fr\/a-passagem-de-charles-darwin-pela-ilha-terceira\/","url":"https:\/\/www.exploreterceiraisland.com\/fr\/a-passagem-de-charles-darwin-pela-ilha-terceira\/","name":"A passagem de Charles Darwin pela ilha Terceira - Explore Terceira","isPartOf":{"@id":"https:\/\/www.exploreterceiraisland.com\/#website"},"primaryImageOfPage":{"@id":"https:\/\/www.exploreterceiraisland.com\/fr\/a-passagem-de-charles-darwin-pela-ilha-terceira\/#primaryimage"},"image":{"@id":"https:\/\/www.exploreterceiraisland.com\/fr\/a-passagem-de-charles-darwin-pela-ilha-terceira\/#primaryimage"},"thumbnailUrl":"https:\/\/www.exploreterceiraisland.com\/wp-content\/uploads\/2020\/12\/Darwin_1_1050x700Photograph-of-Charles-Darwin-by-Maull-and-Polyblank-for-the-Literary-and-Scientific-Portrait-Club.jpg","datePublished":"2020-12-02T19:04:05+00:00","dateModified":"2023-05-09T16:24:46+00:00","breadcrumb":{"@id":"https:\/\/www.exploreterceiraisland.com\/fr\/a-passagem-de-charles-darwin-pela-ilha-terceira\/#breadcrumb"},"inLanguage":"fr-FR","potentialAction":[{"@type":"ReadAction","target":["https:\/\/www.exploreterceiraisland.com\/fr\/a-passagem-de-charles-darwin-pela-ilha-terceira\/"]}]},{"@type":"ImageObject","inLanguage":"fr-FR","@id":"https:\/\/www.exploreterceiraisland.com\/fr\/a-passagem-de-charles-darwin-pela-ilha-terceira\/#primaryimage","url":"https:\/\/www.exploreterceiraisland.com\/wp-content\/uploads\/2020\/12\/Darwin_1_1050x700Photograph-of-Charles-Darwin-by-Maull-and-Polyblank-for-the-Literary-and-Scientific-Portrait-Club.jpg","contentUrl":"https:\/\/www.exploreterceiraisland.com\/wp-content\/uploads\/2020\/12\/Darwin_1_1050x700Photograph-of-Charles-Darwin-by-Maull-and-Polyblank-for-the-Literary-and-Scientific-Portrait-Club.jpg","width":1050,"height":700,"caption":"Photograph of Charles Darwin by Maull and Polyblank for the Literary and Scientific Portrait Club"},{"@type":"BreadcrumbList","@id":"https:\/\/www.exploreterceiraisland.com\/fr\/a-passagem-de-charles-darwin-pela-ilha-terceira\/#breadcrumb","itemListElement":[{"@type":"ListItem","position":1,"name":"Home","item":"https:\/\/www.exploreterceiraisland.com\/fr\/"},{"@type":"ListItem","position":2,"name":"A passagem de Charles Darwin pela ilha Terceira"}]},{"@type":"WebSite","@id":"https:\/\/www.exploreterceiraisland.com\/#website","url":"https:\/\/www.exploreterceiraisland.com\/","name":"Explore Terceira","description":"Explore a Ilha Terceira e partilhe as suas aventuras connosco!","publisher":{"@id":"https:\/\/www.exploreterceiraisland.com\/#organization"},"potentialAction":[{"@type":"SearchAction","target":{"@type":"EntryPoint","urlTemplate":"https:\/\/www.exploreterceiraisland.com\/?s={search_term_string}"},"query-input":{"@type":"PropertyValueSpecification","valueRequired":true,"valueName":"search_term_string"}}],"inLanguage":"fr-FR"},{"@type":"Organization","@id":"https:\/\/www.exploreterceiraisland.com\/#organization","name":"Explore Terceira","url":"https:\/\/www.exploreterceiraisland.com\/","logo":{"@type":"ImageObject","inLanguage":"fr-FR","@id":"https:\/\/www.exploreterceiraisland.com\/#\/schema\/logo\/image\/","url":"https:\/\/www.exploreterceiraisland.com\/wp-content\/uploads\/2021\/02\/teste.jpg","contentUrl":"https:\/\/www.exploreterceiraisland.com\/wp-content\/uploads\/2021\/02\/teste.jpg","width":1449,"height":962,"caption":"Explore Terceira"},"image":{"@id":"https:\/\/www.exploreterceiraisland.com\/#\/schema\/logo\/image\/"},"sameAs":["https:\/\/www.facebook.com\/exploreterceira\/","https:\/\/www.instagram.com\/exploreterceira\/","https:\/\/www.youtube.com\/channel\/UCgUtDnAn0ym_W89OdzfNLmg"]},{"@type":"Person","@id":"https:\/\/www.exploreterceiraisland.com\/#\/schema\/person\/b0effbd95a2012466a100f85a29d9c4f","name":"Filipe Rocha"}]}},"_links":{"self":[{"href":"https:\/\/www.exploreterceiraisland.com\/fr\/wp-json\/wp\/v2\/posts\/39219","targetHints":{"allow":["GET"]}}],"collection":[{"href":"https:\/\/www.exploreterceiraisland.com\/fr\/wp-json\/wp\/v2\/posts"}],"about":[{"href":"https:\/\/www.exploreterceiraisland.com\/fr\/wp-json\/wp\/v2\/types\/post"}],"author":[{"embeddable":true,"href":"https:\/\/www.exploreterceiraisland.com\/fr\/wp-json\/wp\/v2\/users\/2"}],"replies":[{"embeddable":true,"href":"https:\/\/www.exploreterceiraisland.com\/fr\/wp-json\/wp\/v2\/comments?post=39219"}],"version-history":[{"count":0,"href":"https:\/\/www.exploreterceiraisland.com\/fr\/wp-json\/wp\/v2\/posts\/39219\/revisions"}],"wp:featuredmedia":[{"embeddable":true,"href":"https:\/\/www.exploreterceiraisland.com\/fr\/wp-json\/wp\/v2\/media\/3973"}],"wp:attachment":[{"href":"https:\/\/www.exploreterceiraisland.com\/fr\/wp-json\/wp\/v2\/media?parent=39219"}],"wp:term":[{"taxonomy":"category","embeddable":true,"href":"https:\/\/www.exploreterceiraisland.com\/fr\/wp-json\/wp\/v2\/categories?post=39219"},{"taxonomy":"post_tag","embeddable":true,"href":"https:\/\/www.exploreterceiraisland.com\/fr\/wp-json\/wp\/v2\/tags?post=39219"}],"curies":[{"name":"wp","href":"https:\/\/api.w.org\/{rel}","templated":true}]}}