{"id":39228,"date":"2020-12-02T17:58:30","date_gmt":"2020-12-02T18:58:30","guid":{"rendered":"\/festas-do-divino-espirito-santo\/"},"modified":"2023-05-09T15:24:48","modified_gmt":"2023-05-09T16:24:48","slug":"festas-do-divino-espirito-santo","status":"publish","type":"post","link":"https:\/\/www.exploreterceiraisland.com\/fr\/festas-do-divino-espirito-santo\/","title":{"rendered":"Festas do Divino Esp\u00edrito Santo"},"content":{"rendered":"<h2>Bodos do Esp\u00edrito Santo na ilha Terceira s\u00e3o os mais tradicionais dos A\u00e7ores<\/h2>\n<figure id=\"attachment_3953\" aria-describedby=\"caption-attachment-3953\" style=\"width: 375px\" class=\"wp-caption alignleft\"><img fetchpriority=\"high\" decoding=\"async\" class=\"wp-image-3953\" src=\"\/wp-content\/uploads\/2020\/12\/ART_gr-6337_Altar_comemoracoes-do-divino-espirito-santo-1024x683-1-300x200.jpg\" alt=\"\" width=\"375\" height=\"250\" srcset=\"https:\/\/www.exploreterceiraisland.com\/wp-content\/uploads\/2020\/12\/ART_gr-6337_Altar_comemoracoes-do-divino-espirito-santo-1024x683-1-300x200.jpg 300w, https:\/\/www.exploreterceiraisland.com\/wp-content\/uploads\/2020\/12\/ART_gr-6337_Altar_comemoracoes-do-divino-espirito-santo-1024x683-1-768x512.jpg 768w, https:\/\/www.exploreterceiraisland.com\/wp-content\/uploads\/2020\/12\/ART_gr-6337_Altar_comemoracoes-do-divino-espirito-santo-1024x683-1-240x160.jpg 240w, https:\/\/www.exploreterceiraisland.com\/wp-content\/uploads\/2020\/12\/ART_gr-6337_Altar_comemoracoes-do-divino-espirito-santo-1024x683-1.jpg 1024w\" sizes=\"(max-width: 375px) 100vw, 375px\" \/><figcaption id=\"caption-attachment-3953\" class=\"wp-caption-text\">Fotografia: Associa\u00e7\u00e3o Regional Turismo<\/figcaption><\/figure>\n<p>O Bodo, na ilha Terceira e os Imp\u00e9rios na ilha do Pico ditam o ritmo do domingo de Pentecostes, que no arquip\u00e9lago dos A\u00e7ores \u00e9 vivido em torno das grandes festas do Divino Espirito Santo, em todas as ilhas.<\/p>\n<p>Esta \u00e9, de resto, uma marca identit\u00e1ria dos a\u00e7orianos, independentemente do s\u00edtio onde residam.<\/p>\n<p>Na ilha Terceira, as festas t\u00eam uma for\u00e7a \u201cmuito original\u201d e s\u00e3o vividas sobretudo na zona do Ramo Grande, onde a economia continua a ser predominantemente agr\u00e1ria, sendo bastante conhecidos, por exemplo, os imp\u00e9rios da Vila Nova e das Lajes pelo n\u00famero de pessoas envolvidas.<\/p>\n<p>A capacidade de incultura\u00e7\u00e3o numa cultura agr\u00e1ria explica, de resto,\u00a0 a sua perman\u00eancia t\u00e3o viva nos A\u00e7ores: a valoriza\u00e7\u00e3o da terra de onde vem o trigo e o milho a partir dos quais se faz o p\u00e3o,\u00a0 o vinho e a carne, aspetos nos quais se\u00a0 materializam os dons do Espirito Santo.<\/p>\n<p>A peculiaridade principal deste culto no arquip\u00e9lago \u00e9 ser popular e desenvolver-se sob a forma de imp\u00e9rio, com uma forte carga prof\u00e9tica e pol\u00edtica, sem qualquer pretens\u00e3o de imita\u00e7\u00e3o de pap\u00e9is ou destitui\u00e7\u00e3o de poderes.<\/p>\n<p>\u00c0 volta dos Imp\u00e9rios desenvolvem-se durante v\u00e1rios dias as festividades do Esp\u00edrito Santo, imbu\u00eddas de um ideal caritativo e compostas por um conjunto de cerim\u00f3nias religiosas e profanas: a \u201ccoroa\u00e7\u00e3o\u201d do Imperador Menino, o desfile de cortejos e o bodo de p\u00e3o e de carne.<\/p>\n<p>Durante cada semana das festividades veneram-se as ins\u00edgnias do Divino na casa do Imperador e reza-se o ter\u00e7o \u00e0 noite perante a coroa e a bandeira. Na sexta-feira, os bois s\u00e3o enfeitados e realiza-se a \u201cprociss\u00e3o do vitelo\u201d. Posteriormente, sacrificam-se os animais necess\u00e1rios para o bodo que o Imperador oferecer\u00e1 no domingo aos convidados, retalha-se a carne para a sopa, o cozido e a alcatra do jantar e para as pens\u00f5es a distribuir pelos pobres da freguesia. No s\u00e1bado faz-se a distribui\u00e7\u00e3o de esmolas, compostas de carne, p\u00e3o e vinho, benzidas pelo sacerdote.<\/p>\n<p>No domingo de manh\u00e3 realiza-se a primeira prociss\u00e3o, encabe\u00e7ada pela bandeira do Esp\u00edrito Santo. Na cerim\u00f3nia da \u201ccoroa\u00e7\u00e3o\u201d, dentro da igreja,\u00a0 o padre toma o cetro, d\u00e1-o a beijar a quem coroa e entrega-lho, e depois faz o mesmo com a coroa, colocando-a sobre a sua cabe\u00e7a; asperge o Imperador, incensa-o e entoa-se o \u201cVeni Creator Espiritus\u201d. Depois da coroa\u00e7\u00e3o a Coroa e a Bandeira v\u00e3o em prociss\u00e3o at\u00e9 ao Imp\u00e9rio, de onde saem \u00e0 noite para outra casa.<\/p>\n<figure id=\"attachment_3958\" aria-describedby=\"caption-attachment-3958\" style=\"width: 414px\" class=\"wp-caption alignright\"><img decoding=\"async\" class=\" wp-image-3958\" src=\"\/wp-content\/uploads\/2020\/12\/divino-espirito-santo-1024x727-1-300x213.png\" alt=\"\" width=\"414\" height=\"294\" srcset=\"https:\/\/www.exploreterceiraisland.com\/wp-content\/uploads\/2020\/12\/divino-espirito-santo-1024x727-1-300x213.png 300w, https:\/\/www.exploreterceiraisland.com\/wp-content\/uploads\/2020\/12\/divino-espirito-santo-1024x727-1-768x545.png 768w, https:\/\/www.exploreterceiraisland.com\/wp-content\/uploads\/2020\/12\/divino-espirito-santo-1024x727-1-240x170.png 240w, https:\/\/www.exploreterceiraisland.com\/wp-content\/uploads\/2020\/12\/divino-espirito-santo-1024x727-1.png 1024w\" sizes=\"(max-width: 414px) 100vw, 414px\" \/><figcaption id=\"caption-attachment-3958\" class=\"wp-caption-text\">Fotografias: Patricia Foodwithameaning<\/figcaption><\/figure>\n<p>Refira-se a t\u00edtulo de curiosidade que na ilha Terceira a pr\u00f3pria par\u00f3quia pode ser mordoma da festa recebendo na Igreja as ins\u00edgnias do Esp\u00edrito Santo.<\/p>\n<p>Entre o domingo de Pentecostes e o domingo da Sant\u00edssima Trindade\u00a0 \u201ca anfitri\u00e3\u201d do Esp\u00edrito Santo recebe na Igreja Paroquial a Bandeira e a Coroa.<\/p>\n<p>\u00c9 tamb\u00e9m no domingo que se realiza o bodo ou a \u201cfun\u00e7\u00e3o\u201d para o qual todos s\u00e3o convidados, ricos e pobres, habitantes ou forasteiros. A ementa da \u201cfun\u00e7\u00e3o\u201d \u00e9 composta pela sopa do Esp\u00edrito Santo, alcatra, p\u00e3o, armazenados nos Imp\u00e9rios ou nas despensas, pela massa sovada ou pelas rosquilhas (Pico) e vinho. Os irm\u00e3os escolhidos para realizar o bodo designam-se de Mordomos.<\/p>\n<p>As festas do Esp\u00edrito Santo come\u00e7am no domingo imediatamente a seguir \u00e0 P\u00e1scoa tendo como ponto alto nas ilhas referidas o domingo de Pentecostes e o da Trindade.<\/p>\n<p>Na ilha Terceira, os imp\u00e9rios prosseguem durante o ver\u00e3o, at\u00e9 ao Imp\u00e9rio de S\u00e3o Carlos, em setembro.<\/p>\n<p>Na ilha Terceira, o culto do Esp\u00edrito Santo est\u00e1 documentado desde 1492, data em que j\u00e1 se fazia o Imp\u00e9rio e se distribu\u00eda o bodo, no dia de Pentecostes, \u00e0 porta de uma capela pertencente ao hospital do Esp\u00edrito Santo.<\/p>\n<p>A festa constava da missa do Esp\u00edrito Santo, \u201ccoroa\u00e7\u00e3o\u201d e bodo e, se algum irm\u00e3o\u00a0 da confraria \u201ctomasse o imp\u00e9rio\u201d sem ter meios\u00a0 para o desenvolver seria ajudado pelos restantes membros da irmandade.<\/p>\n<p>Quando se institu\u00edram as Santas Casas da Miseric\u00f3rdia na ilha Terceira, a de Angra, em 1495, e depois a da Praia, em 1498, instalam-se nos templos do Esp\u00edrito Santo, acabando por se tornar as respons\u00e1veis pela organiza\u00e7\u00e3o dos bodos no dia de Pentecostes, facto que n\u00e3o afetou a cria\u00e7\u00e3o de irmandades em todas as freguesias destes dois concelhos.<\/p>\n<figure id=\"attachment_3963\" aria-describedby=\"caption-attachment-3963\" style=\"width: 225px\" class=\"wp-caption alignleft\"><img decoding=\"async\" class=\"wp-image-3963 size-medium\" src=\"\/wp-content\/uploads\/2020\/12\/patricia-foodwithamenaing-espirito-santo-alfenim-225x300.jpg\" alt=\"\" width=\"225\" height=\"300\" srcset=\"https:\/\/www.exploreterceiraisland.com\/wp-content\/uploads\/2020\/12\/patricia-foodwithamenaing-espirito-santo-alfenim-225x300.jpg 225w, https:\/\/www.exploreterceiraisland.com\/wp-content\/uploads\/2020\/12\/patricia-foodwithamenaing-espirito-santo-alfenim-135x180.jpg 135w, https:\/\/www.exploreterceiraisland.com\/wp-content\/uploads\/2020\/12\/patricia-foodwithamenaing-espirito-santo-alfenim.jpg 720w\" sizes=\"(max-width: 225px) 100vw, 225px\" \/><figcaption id=\"caption-attachment-3963\" class=\"wp-caption-text\">Fotografias: Patr\u00edcia Foodwithameaning<\/figcaption><\/figure>\n<p>As festas do Esp\u00edrito Santo nos A\u00e7ores possuem uma estrutura tradicional comum mas apresentam bastantes variantes entre as v\u00e1rias ilhas do Arquip\u00e9lago e, dentro da mesma ilha, entre os v\u00e1rios Imp\u00e9rios.<\/p>\n<p>O ciclo das festividades \u00e9, no entanto, comum. Nos dois domingo vivem-se os bodos e no final do bodo do \u00faltimo domingo tiram-se \u201cas sortes\u201d para conhecer os irm\u00e3os que v\u00e3o ficar com as domingas, sete, do ano seguinte. Quem tirar a primeira \u201cdominga\u201d ficar\u00e1 com o Esp\u00edrito Santo todo o ano em Casa, ou seja, a Bandeira e a Coroa ficar\u00e3o na casa desse irm\u00e3o, em lugar de destaque, durante um ano.<\/p>\n<p>Na ilha Terceira, \u00a0nestas duas semanas, \u00a0centenas de quilos de a\u00e7\u00facar s\u00e3o transformados em bonecos para ofertas nos Imp\u00e9rios do Esp\u00edrito Santo.<\/p>\n<p>O alfenim entregue nos Imp\u00e9rios do Esp\u00edrito Santo \u00e9 depois arrematado e o dinheiro reverte a favor das festas, nas quais, para al\u00e9m da anima\u00e7\u00e3o e da religiosidade, s\u00e3o distribu\u00eddos p\u00e3o, carne e vinho.<\/p>\n<p>O alfenim (palavra que vem do \u00e1rabe \u201cal-fenid\u201d e quer dizer aquilo que \u00e9 branco, alvo) \u00e9 feito apenas de a\u00e7\u00facar, \u00e1gua e vinagre, mas se passar do ponto transforma-se em rebu\u00e7ado. Mold\u00e1-lo em imagens fi\u00e9is \u00e0 realidade exige uma t\u00e9cnica que n\u00e3o est\u00e1 ao alcance de todos. O preparado leva cerca de 20 a 25 minutos ao lume e quando atinge o ponto \u00e9 vertido para uma bacia untada com manteiga, que est\u00e1 dentro de outra com \u00e1gua fria, para ir arrefecendo a massa.<\/p>\n<p>Trata-se de uma receita t\u00edpica das ilhas Terceira e Graciosa que \u00e9 confecionada especialmente nesta \u00e9poca mas que se vende tamb\u00e9m durante todo o ano nalgumas pastelarias da ilha Terceira.<\/p>\n<p>Antigamente, os truques eram mantidos em segredo e at\u00e9 se chegaram a inventar mitos, porque a venda de alfenim era uma fonte de rendimento importante para as fam\u00edlias, mas hoje j\u00e1 restam apenas meia d\u00fazia de artes\u00e3s na Terceira.<\/p>\n<p>A imagem mais comum do alfenim \u00e9 a pomba branca, que simboliza o Esp\u00edrito Santo, mas as promessas est\u00e3o muitas vezes associadas a problemas de sa\u00fade, por isso, em momento de afli\u00e7\u00e3o, s\u00e3o encomendadas pe\u00e7as de partes do corpo, como p\u00e9s, pernas, m\u00e3os, bra\u00e7os, peitos, gargantas e cabe\u00e7as de alfenim. Os pedidos mais frequentes s\u00e3o as meninas e os meninos de corpo inteiro, que se adequam a diferentes maleitas e a outro tipo de promessas.<\/p>\n<p>Antigamente, o alfenim era feito apenas pelas festas do Esp\u00edrito Santo ou para ofertas em casamentos e batizados, mas hoje, j\u00e1 integrado na lista de produtos regionais certificados, \u00e9 tamb\u00e9m muito procurado por turistas.<\/p>\n<p><em>fonte: igrejaacores.pt<\/em><\/p>\n<p>&nbsp;<\/p>\n<p>&nbsp;<\/p>\n<p>&nbsp;<\/p>\n","protected":false},"excerpt":{"rendered":"<p>Bodos do Esp\u00edrito Santo na ilha Terceira s\u00e3o os mais tradicionais dos A\u00e7ores O Bodo, na ilha Terceira e os Imp\u00e9rios na ilha do Pico ditam o ritmo do domingo de Pentecostes, que no arquip\u00e9lago dos A\u00e7ores \u00e9 vivido em torno das grandes festas do Divino Espirito Santo, em todas as ilhas. Esta \u00e9, de [&hellip;]<\/p>\n","protected":false},"author":2,"featured_media":3955,"comment_status":"closed","ping_status":"closed","sticky":false,"template":"","format":"standard","meta":{"footnotes":"","_links_to":"","_links_to_target":""},"categories":[206],"tags":[],"class_list":["post-39228","post","type-post","status-publish","format-standard","has-post-thumbnail","hentry","category-le-sais-tu"],"yoast_head":"<!-- This site is optimized with the Yoast SEO plugin v27.2 - https:\/\/yoast.com\/product\/yoast-seo-wordpress\/ -->\n<title>Festas do Divino Esp\u00edrito Santo - Explore Terceira<\/title>\n<meta name=\"robots\" content=\"index, follow, max-snippet:-1, max-image-preview:large, max-video-preview:-1\" \/>\n<link rel=\"canonical\" href=\"https:\/\/www.exploreterceiraisland.com\/fr\/festas-do-divino-espirito-santo\/\" \/>\n<meta property=\"og:locale\" content=\"fr_FR\" \/>\n<meta property=\"og:type\" content=\"article\" \/>\n<meta property=\"og:title\" content=\"Festas do Divino Esp\u00edrito Santo - Explore Terceira\" \/>\n<meta property=\"og:description\" content=\"Bodos do Esp\u00edrito Santo na ilha Terceira s\u00e3o os mais tradicionais dos A\u00e7ores O Bodo, na ilha Terceira e os Imp\u00e9rios na ilha do Pico ditam o ritmo do domingo de Pentecostes, que no arquip\u00e9lago dos A\u00e7ores \u00e9 vivido em torno das grandes festas do Divino Espirito Santo, em todas as ilhas. Esta \u00e9, de [&hellip;]\" \/>\n<meta property=\"og:url\" content=\"https:\/\/www.exploreterceiraisland.com\/fr\/festas-do-divino-espirito-santo\/\" \/>\n<meta property=\"og:site_name\" content=\"Explore Terceira\" \/>\n<meta property=\"article:publisher\" content=\"https:\/\/www.facebook.com\/exploreterceira\/\" \/>\n<meta property=\"article:published_time\" content=\"2020-12-02T18:58:30+00:00\" \/>\n<meta property=\"article:modified_time\" content=\"2023-05-09T16:24:48+00:00\" \/>\n<meta property=\"og:image\" content=\"https:\/\/www.exploreterceiraisland.com\/wp-content\/uploads\/2020\/12\/ART_gr-6337_Altar_comemoracoes-do-divino-espirito-santo-1024x683-1.jpg\" \/>\n\t<meta property=\"og:image:width\" content=\"1024\" \/>\n\t<meta property=\"og:image:height\" content=\"683\" \/>\n\t<meta property=\"og:image:type\" content=\"image\/jpeg\" \/>\n<meta name=\"author\" content=\"Filipe Rocha\" \/>\n<meta name=\"twitter:card\" content=\"summary_large_image\" \/>\n<meta name=\"twitter:label1\" content=\"\u00c9crit par\" \/>\n\t<meta name=\"twitter:data1\" content=\"Filipe Rocha\" \/>\n\t<meta name=\"twitter:label2\" content=\"Dur\u00e9e de lecture estim\u00e9e\" \/>\n\t<meta name=\"twitter:data2\" content=\"6 minutes\" \/>\n<script type=\"application\/ld+json\" class=\"yoast-schema-graph\">{\"@context\":\"https:\/\/schema.org\",\"@graph\":[{\"@type\":\"Article\",\"@id\":\"https:\/\/www.exploreterceiraisland.com\/fr\/festas-do-divino-espirito-santo\/#article\",\"isPartOf\":{\"@id\":\"https:\/\/www.exploreterceiraisland.com\/fr\/festas-do-divino-espirito-santo\/\"},\"author\":{\"name\":\"Filipe Rocha\",\"@id\":\"https:\/\/www.exploreterceiraisland.com\/#\/schema\/person\/b0effbd95a2012466a100f85a29d9c4f\"},\"headline\":\"Festas do Divino Esp\u00edrito Santo\",\"datePublished\":\"2020-12-02T18:58:30+00:00\",\"dateModified\":\"2023-05-09T16:24:48+00:00\",\"mainEntityOfPage\":{\"@id\":\"https:\/\/www.exploreterceiraisland.com\/fr\/festas-do-divino-espirito-santo\/\"},\"wordCount\":1287,\"publisher\":{\"@id\":\"https:\/\/www.exploreterceiraisland.com\/#organization\"},\"image\":{\"@id\":\"https:\/\/www.exploreterceiraisland.com\/fr\/festas-do-divino-espirito-santo\/#primaryimage\"},\"thumbnailUrl\":\"https:\/\/www.exploreterceiraisland.com\/wp-content\/uploads\/2020\/12\/ART_gr-6337_Altar_comemoracoes-do-divino-espirito-santo-1024x683-1.jpg\",\"articleSection\":[\"Le sais-tu?\"],\"inLanguage\":\"fr-FR\"},{\"@type\":\"WebPage\",\"@id\":\"https:\/\/www.exploreterceiraisland.com\/fr\/festas-do-divino-espirito-santo\/\",\"url\":\"https:\/\/www.exploreterceiraisland.com\/fr\/festas-do-divino-espirito-santo\/\",\"name\":\"Festas do Divino Esp\u00edrito Santo - Explore Terceira\",\"isPartOf\":{\"@id\":\"https:\/\/www.exploreterceiraisland.com\/#website\"},\"primaryImageOfPage\":{\"@id\":\"https:\/\/www.exploreterceiraisland.com\/fr\/festas-do-divino-espirito-santo\/#primaryimage\"},\"image\":{\"@id\":\"https:\/\/www.exploreterceiraisland.com\/fr\/festas-do-divino-espirito-santo\/#primaryimage\"},\"thumbnailUrl\":\"https:\/\/www.exploreterceiraisland.com\/wp-content\/uploads\/2020\/12\/ART_gr-6337_Altar_comemoracoes-do-divino-espirito-santo-1024x683-1.jpg\",\"datePublished\":\"2020-12-02T18:58:30+00:00\",\"dateModified\":\"2023-05-09T16:24:48+00:00\",\"breadcrumb\":{\"@id\":\"https:\/\/www.exploreterceiraisland.com\/fr\/festas-do-divino-espirito-santo\/#breadcrumb\"},\"inLanguage\":\"fr-FR\",\"potentialAction\":[{\"@type\":\"ReadAction\",\"target\":[\"https:\/\/www.exploreterceiraisland.com\/fr\/festas-do-divino-espirito-santo\/\"]}]},{\"@type\":\"ImageObject\",\"inLanguage\":\"fr-FR\",\"@id\":\"https:\/\/www.exploreterceiraisland.com\/fr\/festas-do-divino-espirito-santo\/#primaryimage\",\"url\":\"https:\/\/www.exploreterceiraisland.com\/wp-content\/uploads\/2020\/12\/ART_gr-6337_Altar_comemoracoes-do-divino-espirito-santo-1024x683-1.jpg\",\"contentUrl\":\"https:\/\/www.exploreterceiraisland.com\/wp-content\/uploads\/2020\/12\/ART_gr-6337_Altar_comemoracoes-do-divino-espirito-santo-1024x683-1.jpg\",\"width\":1024,\"height\":683,\"caption\":\"Fotografia: Associa\u00e7\u00e3o Regional Turismo\"},{\"@type\":\"BreadcrumbList\",\"@id\":\"https:\/\/www.exploreterceiraisland.com\/fr\/festas-do-divino-espirito-santo\/#breadcrumb\",\"itemListElement\":[{\"@type\":\"ListItem\",\"position\":1,\"name\":\"Home\",\"item\":\"https:\/\/www.exploreterceiraisland.com\/fr\/\"},{\"@type\":\"ListItem\",\"position\":2,\"name\":\"Festas do Divino Esp\u00edrito Santo\"}]},{\"@type\":\"WebSite\",\"@id\":\"https:\/\/www.exploreterceiraisland.com\/#website\",\"url\":\"https:\/\/www.exploreterceiraisland.com\/\",\"name\":\"Explore Terceira\",\"description\":\"Explore a Ilha Terceira e partilhe as suas aventuras connosco!\",\"publisher\":{\"@id\":\"https:\/\/www.exploreterceiraisland.com\/#organization\"},\"potentialAction\":[{\"@type\":\"SearchAction\",\"target\":{\"@type\":\"EntryPoint\",\"urlTemplate\":\"https:\/\/www.exploreterceiraisland.com\/?s={search_term_string}\"},\"query-input\":{\"@type\":\"PropertyValueSpecification\",\"valueRequired\":true,\"valueName\":\"search_term_string\"}}],\"inLanguage\":\"fr-FR\"},{\"@type\":\"Organization\",\"@id\":\"https:\/\/www.exploreterceiraisland.com\/#organization\",\"name\":\"Explore Terceira\",\"url\":\"https:\/\/www.exploreterceiraisland.com\/\",\"logo\":{\"@type\":\"ImageObject\",\"inLanguage\":\"fr-FR\",\"@id\":\"https:\/\/www.exploreterceiraisland.com\/#\/schema\/logo\/image\/\",\"url\":\"https:\/\/www.exploreterceiraisland.com\/wp-content\/uploads\/2021\/02\/teste.jpg\",\"contentUrl\":\"https:\/\/www.exploreterceiraisland.com\/wp-content\/uploads\/2021\/02\/teste.jpg\",\"width\":1449,\"height\":962,\"caption\":\"Explore Terceira\"},\"image\":{\"@id\":\"https:\/\/www.exploreterceiraisland.com\/#\/schema\/logo\/image\/\"},\"sameAs\":[\"https:\/\/www.facebook.com\/exploreterceira\/\",\"https:\/\/www.instagram.com\/exploreterceira\/\",\"https:\/\/www.youtube.com\/channel\/UCgUtDnAn0ym_W89OdzfNLmg\"]},{\"@type\":\"Person\",\"@id\":\"https:\/\/www.exploreterceiraisland.com\/#\/schema\/person\/b0effbd95a2012466a100f85a29d9c4f\",\"name\":\"Filipe Rocha\"}]}<\/script>\n<!-- \/ Yoast SEO plugin. -->","yoast_head_json":{"title":"Festas do Divino Esp\u00edrito Santo - Explore Terceira","robots":{"index":"index","follow":"follow","max-snippet":"max-snippet:-1","max-image-preview":"max-image-preview:large","max-video-preview":"max-video-preview:-1"},"canonical":"https:\/\/www.exploreterceiraisland.com\/fr\/festas-do-divino-espirito-santo\/","og_locale":"fr_FR","og_type":"article","og_title":"Festas do Divino Esp\u00edrito Santo - Explore Terceira","og_description":"Bodos do Esp\u00edrito Santo na ilha Terceira s\u00e3o os mais tradicionais dos A\u00e7ores O Bodo, na ilha Terceira e os Imp\u00e9rios na ilha do Pico ditam o ritmo do domingo de Pentecostes, que no arquip\u00e9lago dos A\u00e7ores \u00e9 vivido em torno das grandes festas do Divino Espirito Santo, em todas as ilhas. Esta \u00e9, de [&hellip;]","og_url":"https:\/\/www.exploreterceiraisland.com\/fr\/festas-do-divino-espirito-santo\/","og_site_name":"Explore Terceira","article_publisher":"https:\/\/www.facebook.com\/exploreterceira\/","article_published_time":"2020-12-02T18:58:30+00:00","article_modified_time":"2023-05-09T16:24:48+00:00","og_image":[{"width":1024,"height":683,"url":"https:\/\/www.exploreterceiraisland.com\/wp-content\/uploads\/2020\/12\/ART_gr-6337_Altar_comemoracoes-do-divino-espirito-santo-1024x683-1.jpg","type":"image\/jpeg"}],"author":"Filipe Rocha","twitter_card":"summary_large_image","twitter_misc":{"\u00c9crit par":"Filipe Rocha","Dur\u00e9e de lecture estim\u00e9e":"6 minutes"},"schema":{"@context":"https:\/\/schema.org","@graph":[{"@type":"Article","@id":"https:\/\/www.exploreterceiraisland.com\/fr\/festas-do-divino-espirito-santo\/#article","isPartOf":{"@id":"https:\/\/www.exploreterceiraisland.com\/fr\/festas-do-divino-espirito-santo\/"},"author":{"name":"Filipe Rocha","@id":"https:\/\/www.exploreterceiraisland.com\/#\/schema\/person\/b0effbd95a2012466a100f85a29d9c4f"},"headline":"Festas do Divino Esp\u00edrito Santo","datePublished":"2020-12-02T18:58:30+00:00","dateModified":"2023-05-09T16:24:48+00:00","mainEntityOfPage":{"@id":"https:\/\/www.exploreterceiraisland.com\/fr\/festas-do-divino-espirito-santo\/"},"wordCount":1287,"publisher":{"@id":"https:\/\/www.exploreterceiraisland.com\/#organization"},"image":{"@id":"https:\/\/www.exploreterceiraisland.com\/fr\/festas-do-divino-espirito-santo\/#primaryimage"},"thumbnailUrl":"https:\/\/www.exploreterceiraisland.com\/wp-content\/uploads\/2020\/12\/ART_gr-6337_Altar_comemoracoes-do-divino-espirito-santo-1024x683-1.jpg","articleSection":["Le sais-tu?"],"inLanguage":"fr-FR"},{"@type":"WebPage","@id":"https:\/\/www.exploreterceiraisland.com\/fr\/festas-do-divino-espirito-santo\/","url":"https:\/\/www.exploreterceiraisland.com\/fr\/festas-do-divino-espirito-santo\/","name":"Festas do Divino Esp\u00edrito Santo - Explore Terceira","isPartOf":{"@id":"https:\/\/www.exploreterceiraisland.com\/#website"},"primaryImageOfPage":{"@id":"https:\/\/www.exploreterceiraisland.com\/fr\/festas-do-divino-espirito-santo\/#primaryimage"},"image":{"@id":"https:\/\/www.exploreterceiraisland.com\/fr\/festas-do-divino-espirito-santo\/#primaryimage"},"thumbnailUrl":"https:\/\/www.exploreterceiraisland.com\/wp-content\/uploads\/2020\/12\/ART_gr-6337_Altar_comemoracoes-do-divino-espirito-santo-1024x683-1.jpg","datePublished":"2020-12-02T18:58:30+00:00","dateModified":"2023-05-09T16:24:48+00:00","breadcrumb":{"@id":"https:\/\/www.exploreterceiraisland.com\/fr\/festas-do-divino-espirito-santo\/#breadcrumb"},"inLanguage":"fr-FR","potentialAction":[{"@type":"ReadAction","target":["https:\/\/www.exploreterceiraisland.com\/fr\/festas-do-divino-espirito-santo\/"]}]},{"@type":"ImageObject","inLanguage":"fr-FR","@id":"https:\/\/www.exploreterceiraisland.com\/fr\/festas-do-divino-espirito-santo\/#primaryimage","url":"https:\/\/www.exploreterceiraisland.com\/wp-content\/uploads\/2020\/12\/ART_gr-6337_Altar_comemoracoes-do-divino-espirito-santo-1024x683-1.jpg","contentUrl":"https:\/\/www.exploreterceiraisland.com\/wp-content\/uploads\/2020\/12\/ART_gr-6337_Altar_comemoracoes-do-divino-espirito-santo-1024x683-1.jpg","width":1024,"height":683,"caption":"Fotografia: Associa\u00e7\u00e3o Regional Turismo"},{"@type":"BreadcrumbList","@id":"https:\/\/www.exploreterceiraisland.com\/fr\/festas-do-divino-espirito-santo\/#breadcrumb","itemListElement":[{"@type":"ListItem","position":1,"name":"Home","item":"https:\/\/www.exploreterceiraisland.com\/fr\/"},{"@type":"ListItem","position":2,"name":"Festas do Divino Esp\u00edrito Santo"}]},{"@type":"WebSite","@id":"https:\/\/www.exploreterceiraisland.com\/#website","url":"https:\/\/www.exploreterceiraisland.com\/","name":"Explore Terceira","description":"Explore a Ilha Terceira e partilhe as suas aventuras connosco!","publisher":{"@id":"https:\/\/www.exploreterceiraisland.com\/#organization"},"potentialAction":[{"@type":"SearchAction","target":{"@type":"EntryPoint","urlTemplate":"https:\/\/www.exploreterceiraisland.com\/?s={search_term_string}"},"query-input":{"@type":"PropertyValueSpecification","valueRequired":true,"valueName":"search_term_string"}}],"inLanguage":"fr-FR"},{"@type":"Organization","@id":"https:\/\/www.exploreterceiraisland.com\/#organization","name":"Explore Terceira","url":"https:\/\/www.exploreterceiraisland.com\/","logo":{"@type":"ImageObject","inLanguage":"fr-FR","@id":"https:\/\/www.exploreterceiraisland.com\/#\/schema\/logo\/image\/","url":"https:\/\/www.exploreterceiraisland.com\/wp-content\/uploads\/2021\/02\/teste.jpg","contentUrl":"https:\/\/www.exploreterceiraisland.com\/wp-content\/uploads\/2021\/02\/teste.jpg","width":1449,"height":962,"caption":"Explore Terceira"},"image":{"@id":"https:\/\/www.exploreterceiraisland.com\/#\/schema\/logo\/image\/"},"sameAs":["https:\/\/www.facebook.com\/exploreterceira\/","https:\/\/www.instagram.com\/exploreterceira\/","https:\/\/www.youtube.com\/channel\/UCgUtDnAn0ym_W89OdzfNLmg"]},{"@type":"Person","@id":"https:\/\/www.exploreterceiraisland.com\/#\/schema\/person\/b0effbd95a2012466a100f85a29d9c4f","name":"Filipe Rocha"}]}},"_links":{"self":[{"href":"https:\/\/www.exploreterceiraisland.com\/fr\/wp-json\/wp\/v2\/posts\/39228","targetHints":{"allow":["GET"]}}],"collection":[{"href":"https:\/\/www.exploreterceiraisland.com\/fr\/wp-json\/wp\/v2\/posts"}],"about":[{"href":"https:\/\/www.exploreterceiraisland.com\/fr\/wp-json\/wp\/v2\/types\/post"}],"author":[{"embeddable":true,"href":"https:\/\/www.exploreterceiraisland.com\/fr\/wp-json\/wp\/v2\/users\/2"}],"replies":[{"embeddable":true,"href":"https:\/\/www.exploreterceiraisland.com\/fr\/wp-json\/wp\/v2\/comments?post=39228"}],"version-history":[{"count":0,"href":"https:\/\/www.exploreterceiraisland.com\/fr\/wp-json\/wp\/v2\/posts\/39228\/revisions"}],"wp:featuredmedia":[{"embeddable":true,"href":"https:\/\/www.exploreterceiraisland.com\/fr\/wp-json\/wp\/v2\/media\/3955"}],"wp:attachment":[{"href":"https:\/\/www.exploreterceiraisland.com\/fr\/wp-json\/wp\/v2\/media?parent=39228"}],"wp:term":[{"taxonomy":"category","embeddable":true,"href":"https:\/\/www.exploreterceiraisland.com\/fr\/wp-json\/wp\/v2\/categories?post=39228"},{"taxonomy":"post_tag","embeddable":true,"href":"https:\/\/www.exploreterceiraisland.com\/fr\/wp-json\/wp\/v2\/tags?post=39228"}],"curies":[{"name":"wp","href":"https:\/\/api.w.org\/{rel}","templated":true}]}}